{"id":1240,"date":"2016-05-26T21:10:22","date_gmt":"2016-05-26T20:10:22","guid":{"rendered":"http:\/\/agora.xtec.cat\/ceip-falba\/?p=1240"},"modified":"2016-06-08T15:01:54","modified_gmt":"2016-06-08T14:01:54","slug":"cuineres-i-cuiners","status":"publish","type":"post","link":"https:\/\/agora.xtec.cat\/ceip-falba\/infantil\/cuineres-i-cuiners\/","title":{"rendered":"CUINERES I CUINERS"},"content":{"rendered":"<p>Dins del tema dels oficis els nens i nenes de <span class=\"hiddenSpellError\">P5<\/span> est\u00e0vem molt interessats en els cuiners, aix\u00ed que despr\u00e9s d&#8217;explicar-nos tot el que sabem d&#8217;aquest ofici hem anat a visitar a la <span class=\"hiddenSpellError\">Tere<\/span>, la cuinera de l&#8217;escola.<\/p>\n<p>La <span class=\"hiddenSpellError\">Tere<\/span> ens ha explicat moltes coses del seu ofici i ens ha contestat a totes les preguntes que ten\u00edem, i \u00e9s que la <span class=\"hiddenSpellError\">Tere<\/span> \u00e9s molt bona cuinera. Moltes gr\u00e0cies <span class=\"hiddenSpellError\">Tere<\/span>!!!<\/p>\n<p>Despr\u00e9s cadasc\u00fa hem elaborat un plat molt original amb plastilina i l&#8217;hem explicat als nostres companys.\u00a0Mireu!!<\/p>\n<p><a href=\"https:\/\/goo.gl\/photos\/rk43vwoAzVjJ8sxP7\">FOTOS\u00a0<\/a><\/p>\n<p>&nbsp;<\/p>\n","protected":false},"excerpt":{"rendered":"<p>Dins del tema dels oficis els nens i nenes de P5 est\u00e0vem molt interessats en els cuiners, aix\u00ed que despr\u00e9s d&#8217;explicar-nos tot el que sabem d&#8217;aquest ofici hem anat a visitar a la Tere, la cuinera de l&#8217;escola.<br \/>\nLa Tere ens ha explicat moltes coses del&hellip;  <a href=\"https:\/\/agora.xtec.cat\/ceip-falba\/infantil\/cuineres-i-cuiners\/\" title=\"Read CUINERES I CUINERS\">Llegeix m\u00e9s\u00bb<\/a><\/p>\n","protected":false},"author":1,"featured_media":1242,"comment_status":"closed","ping_status":"closed","sticky":false,"template":"","format":"standard","meta":{"_bbp_topic_count":0,"_bbp_reply_count":0,"_bbp_total_topic_count":0,"_bbp_total_reply_count":0,"_bbp_voice_count":0,"_bbp_anonymous_reply_count":0,"_bbp_topic_count_hidden":0,"_bbp_reply_count_hidden":0,"_bbp_forum_subforum_count":0,"footnotes":""},"categories":[29,9,2,4],"tags":[109,108,107,110],"class_list":["post-1240","post","type-post","status-publish","format-standard","has-post-thumbnail","hentry","category-curs-2015-16","category-p5","category-infantil","category-portada","tag-cuinera","tag-cuineres","tag-cuiners","tag-tere"],"post_mailing_queue_ids":[],"_links":{"self":[{"href":"https:\/\/agora.xtec.cat\/ceip-falba\/wp-json\/wp\/v2\/posts\/1240","targetHints":{"allow":["GET"]}}],"collection":[{"href":"https:\/\/agora.xtec.cat\/ceip-falba\/wp-json\/wp\/v2\/posts"}],"about":[{"href":"https:\/\/agora.xtec.cat\/ceip-falba\/wp-json\/wp\/v2\/types\/post"}],"author":[{"embeddable":true,"href":"https:\/\/agora.xtec.cat\/ceip-falba\/wp-json\/wp\/v2\/users\/1"}],"replies":[{"embeddable":true,"href":"https:\/\/agora.xtec.cat\/ceip-falba\/wp-json\/wp\/v2\/comments?post=1240"}],"version-history":[{"count":3,"href":"https:\/\/agora.xtec.cat\/ceip-falba\/wp-json\/wp\/v2\/posts\/1240\/revisions"}],"predecessor-version":[{"id":1258,"href":"https:\/\/agora.xtec.cat\/ceip-falba\/wp-json\/wp\/v2\/posts\/1240\/revisions\/1258"}],"wp:featuredmedia":[{"embeddable":true,"href":"https:\/\/agora.xtec.cat\/ceip-falba\/wp-json\/wp\/v2\/media\/1242"}],"wp:attachment":[{"href":"https:\/\/agora.xtec.cat\/ceip-falba\/wp-json\/wp\/v2\/media?parent=1240"}],"wp:term":[{"taxonomy":"category","embeddable":true,"href":"https:\/\/agora.xtec.cat\/ceip-falba\/wp-json\/wp\/v2\/categories?post=1240"},{"taxonomy":"post_tag","embeddable":true,"href":"https:\/\/agora.xtec.cat\/ceip-falba\/wp-json\/wp\/v2\/tags?post=1240"}],"curies":[{"name":"wp","href":"https:\/\/api.w.org\/{rel}","templated":true}]}}