{"id":12386,"date":"2024-05-30T18:39:11","date_gmt":"2024-05-30T16:39:11","guid":{"rendered":"https:\/\/agora.xtec.cat\/ceip-falba\/?p=12386"},"modified":"2024-06-03T11:17:03","modified_gmt":"2024-06-03T09:17:03","slug":"camp-daprenentatge-espluga-de-francoli","status":"publish","type":"post","link":"https:\/\/agora.xtec.cat\/ceip-falba\/general\/camp-daprenentatge-espluga-de-francoli\/","title":{"rendered":"CAMP D&#8217;APRENENTATGE ESPLUGA DE FRANCOL\u00cd"},"content":{"rendered":"<p>Fam\u00edlies de 5\u00e8 i 6\u00e8,<\/p>\n<p>Aqu\u00ed teniu un recull del nostre dia a dia a l&#8217;Espluga de Francol\u00ed. En aquest enlla\u00e7 podeu veure tot el que hem anat fent en els diferents dies del Camp d&#8217;Aprenentatge\u00a0centrat en el monestir de Poblet i la vila medieval de Montblanc.<\/p>\n<p>Com podreu observar hi ha les carpetes de cada dia perqu\u00e8 pugueu seguir i veure el que han anat fent els vostres fills i filles.<\/p>\n<p><a href=\"https:\/\/drive.google.com\/drive\/folders\/1-9k_sC5hgPiI1ZuYRGzJym0GLl6gfIe_?usp=sharing\">CAMP D&#8217;APRENENTATGE<\/a><\/p>\n","protected":false},"excerpt":{"rendered":"<p>Fam\u00edlies de 5\u00e8 i 6\u00e8,<br \/>\nAqu\u00ed teniu un recull del nostre dia a dia a l&#8217;Espluga de Francol\u00ed. En aquest enlla\u00e7 podeu veure tot el que hem anat fent en els diferents dies del Camp d&#8217;Aprenentatge\u00a0centrat en el monestir de Poblet i la vila medieval de&hellip;  <a href=\"https:\/\/agora.xtec.cat\/ceip-falba\/general\/camp-daprenentatge-espluga-de-francoli\/\" title=\"Read CAMP D&#8217;APRENENTATGE ESPLUGA DE FRANCOL\u00cd\">Llegeix m\u00e9s\u00bb<\/a><\/p>\n","protected":false},"author":94,"featured_media":12388,"comment_status":"closed","ping_status":"closed","sticky":false,"template":"","format":"standard","meta":{"_bbp_topic_count":0,"_bbp_reply_count":0,"_bbp_total_topic_count":0,"_bbp_total_reply_count":0,"_bbp_voice_count":0,"_bbp_anonymous_reply_count":0,"_bbp_topic_count_hidden":0,"_bbp_reply_count_hidden":0,"_bbp_forum_subforum_count":0,"footnotes":""},"categories":[14,15,472,445,490,1,502,4,5,427],"tags":[],"class_list":["post-12386","post","type-post","status-publish","format-standard","has-post-thumbnail","hentry","category-5e","category-6e","category-colonies","category-comunitat-gran","category-curs-2023-24","category-general","category-pmoe-proa","category-portada","category-primaria","category-sortida"],"post_mailing_queue_ids":[],"_links":{"self":[{"href":"https:\/\/agora.xtec.cat\/ceip-falba\/wp-json\/wp\/v2\/posts\/12386","targetHints":{"allow":["GET"]}}],"collection":[{"href":"https:\/\/agora.xtec.cat\/ceip-falba\/wp-json\/wp\/v2\/posts"}],"about":[{"href":"https:\/\/agora.xtec.cat\/ceip-falba\/wp-json\/wp\/v2\/types\/post"}],"author":[{"embeddable":true,"href":"https:\/\/agora.xtec.cat\/ceip-falba\/wp-json\/wp\/v2\/users\/94"}],"replies":[{"embeddable":true,"href":"https:\/\/agora.xtec.cat\/ceip-falba\/wp-json\/wp\/v2\/comments?post=12386"}],"version-history":[{"count":1,"href":"https:\/\/agora.xtec.cat\/ceip-falba\/wp-json\/wp\/v2\/posts\/12386\/revisions"}],"predecessor-version":[{"id":12387,"href":"https:\/\/agora.xtec.cat\/ceip-falba\/wp-json\/wp\/v2\/posts\/12386\/revisions\/12387"}],"wp:featuredmedia":[{"embeddable":true,"href":"https:\/\/agora.xtec.cat\/ceip-falba\/wp-json\/wp\/v2\/media\/12388"}],"wp:attachment":[{"href":"https:\/\/agora.xtec.cat\/ceip-falba\/wp-json\/wp\/v2\/media?parent=12386"}],"wp:term":[{"taxonomy":"category","embeddable":true,"href":"https:\/\/agora.xtec.cat\/ceip-falba\/wp-json\/wp\/v2\/categories?post=12386"},{"taxonomy":"post_tag","embeddable":true,"href":"https:\/\/agora.xtec.cat\/ceip-falba\/wp-json\/wp\/v2\/tags?post=12386"}],"curies":[{"name":"wp","href":"https:\/\/api.w.org\/{rel}","templated":true}]}}