{"id":12373,"date":"2024-05-24T19:05:51","date_gmt":"2024-05-24T17:05:51","guid":{"rendered":"https:\/\/agora.xtec.cat\/ceip-falba\/?p=12373"},"modified":"2024-05-24T19:06:39","modified_gmt":"2024-05-24T17:06:39","slug":"objectius-de-desenvolupament-sostenible","status":"publish","type":"post","link":"https:\/\/agora.xtec.cat\/ceip-falba\/general\/objectius-de-desenvolupament-sostenible\/","title":{"rendered":"Objectius de Desenvolupament Sostenible"},"content":{"rendered":"<p>Bon dia fam\u00edlies,<\/p>\n<div><\/div>\n<div>Aquest trimestre l&#8217;alumnat de 5\u00e8 estem molt enfeinats i enfeinades, ja que a part de continuar amb el projecte d&#8217;emprenedoria tamb\u00e9 estem treballant la sostenibilitat a trav\u00e9s dels Objectius de Desenvolupament Sostenible (ODS) i l&#8217;Agenda 2030.<\/div>\n<div><\/div>\n<div>Per aquest motiu, per petits grups ens hem fet experts\/es en aquells objectius que creiem que tenen directa relaci\u00f3 amb la sostenibilitat. En el seg\u00fcent enlla\u00e7 podeu trobar les exposicions que ens hem preparat, nom\u00e9s heu de clicar les imatges de les fletxes. Recordeu que sereu redireccionats.<\/div>\n<div><\/div>\n<div><\/div>\n<div>Enlla\u00e7:<\/div>\n<div><\/div>\n<div class=\"yj6qo\"><\/div>\n<div class=\"adL\"><a href=\"https:\/\/agora.xtec.cat\/ceip-falba\/wp-content\/uploads\/usu658\/2024\/05\/CONTEXT-SOSTENIBILITAT.pdf\">CONTEXT SOSTENIBILITAT<\/a><\/div>\n","protected":false},"excerpt":{"rendered":"<p>Bon dia fam\u00edlies,<\/p>\n<p>Aquest trimestre l&#8217;alumnat de 5\u00e8 estem molt enfeinats i enfeinades, ja que a part de continuar amb el projecte d&#8217;emprenedoria tamb\u00e9 estem treballant la sostenibilitat a trav\u00e9s dels Objectius de Desenvolupament Sostenible (ODS) i l&#8217;Agenda 2030.<\/p>\n<p>Per aquest motiu, per petits grups ens hem&hellip;  <a href=\"https:\/\/agora.xtec.cat\/ceip-falba\/general\/objectius-de-desenvolupament-sostenible\/\" title=\"Read Objectius de Desenvolupament Sostenible\">Llegeix m\u00e9s\u00bb<\/a><\/p>\n","protected":false},"author":1,"featured_media":12375,"comment_status":"closed","ping_status":"closed","sticky":false,"template":"","format":"standard","meta":{"_bbp_topic_count":0,"_bbp_reply_count":0,"_bbp_total_topic_count":0,"_bbp_total_reply_count":0,"_bbp_voice_count":0,"_bbp_anonymous_reply_count":0,"_bbp_topic_count_hidden":0,"_bbp_reply_count_hidden":0,"_bbp_forum_subforum_count":0,"footnotes":""},"categories":[14,445,458,490,1,4],"tags":[],"class_list":["post-12373","post","type-post","status-publish","format-standard","has-post-thumbnail","hentry","category-5e","category-comunitat-gran","category-cooperativa","category-curs-2023-24","category-general","category-portada"],"post_mailing_queue_ids":[],"_links":{"self":[{"href":"https:\/\/agora.xtec.cat\/ceip-falba\/wp-json\/wp\/v2\/posts\/12373","targetHints":{"allow":["GET"]}}],"collection":[{"href":"https:\/\/agora.xtec.cat\/ceip-falba\/wp-json\/wp\/v2\/posts"}],"about":[{"href":"https:\/\/agora.xtec.cat\/ceip-falba\/wp-json\/wp\/v2\/types\/post"}],"author":[{"embeddable":true,"href":"https:\/\/agora.xtec.cat\/ceip-falba\/wp-json\/wp\/v2\/users\/1"}],"replies":[{"embeddable":true,"href":"https:\/\/agora.xtec.cat\/ceip-falba\/wp-json\/wp\/v2\/comments?post=12373"}],"version-history":[{"count":1,"href":"https:\/\/agora.xtec.cat\/ceip-falba\/wp-json\/wp\/v2\/posts\/12373\/revisions"}],"predecessor-version":[{"id":12376,"href":"https:\/\/agora.xtec.cat\/ceip-falba\/wp-json\/wp\/v2\/posts\/12373\/revisions\/12376"}],"wp:featuredmedia":[{"embeddable":true,"href":"https:\/\/agora.xtec.cat\/ceip-falba\/wp-json\/wp\/v2\/media\/12375"}],"wp:attachment":[{"href":"https:\/\/agora.xtec.cat\/ceip-falba\/wp-json\/wp\/v2\/media?parent=12373"}],"wp:term":[{"taxonomy":"category","embeddable":true,"href":"https:\/\/agora.xtec.cat\/ceip-falba\/wp-json\/wp\/v2\/categories?post=12373"},{"taxonomy":"post_tag","embeddable":true,"href":"https:\/\/agora.xtec.cat\/ceip-falba\/wp-json\/wp\/v2\/tags?post=12373"}],"curies":[{"name":"wp","href":"https:\/\/api.w.org\/{rel}","templated":true}]}}