{"id":12328,"date":"2024-05-21T13:12:38","date_gmt":"2024-05-21T11:12:38","guid":{"rendered":"https:\/\/agora.xtec.cat\/ceip-falba\/?p=12328"},"modified":"2024-05-21T13:12:38","modified_gmt":"2024-05-21T11:12:38","slug":"ja-tenim-aqui-el-programa-5-de-font-tv","status":"publish","type":"post","link":"https:\/\/agora.xtec.cat\/ceip-falba\/general\/ja-tenim-aqui-el-programa-5-de-font-tv\/","title":{"rendered":"JA TENIM AQU\u00cd EL PROGRAMA 5 DE FONT TV!"},"content":{"rendered":"<p><a href=\"http:\/\/https:\/\/youtu.be\/dTxTAeFrZCQ\"><img loading=\"lazy\" decoding=\"async\" class=\"alignnone wp-image-12330 size-large\" src=\"https:\/\/agora.xtec.cat\/ceip-falba\/wp-content\/uploads\/usu658\/2024\/05\/PHOTO-2024-05-08-12-44-33-1024x724.jpg\" alt=\"\" width=\"1024\" height=\"724\" srcset=\"https:\/\/agora.xtec.cat\/ceip-falba\/wp-content\/uploads\/usu658\/2024\/05\/PHOTO-2024-05-08-12-44-33-1024x724.jpg 1024w, https:\/\/agora.xtec.cat\/ceip-falba\/wp-content\/uploads\/usu658\/2024\/05\/PHOTO-2024-05-08-12-44-33-300x212.jpg 300w, https:\/\/agora.xtec.cat\/ceip-falba\/wp-content\/uploads\/usu658\/2024\/05\/PHOTO-2024-05-08-12-44-33-768x543.jpg 768w, https:\/\/agora.xtec.cat\/ceip-falba\/wp-content\/uploads\/usu658\/2024\/05\/PHOTO-2024-05-08-12-44-33.jpg 1280w\" sizes=\"auto, (max-width: 1024px) 100vw, 1024px\" \/><\/a><\/p>\n<p>Ja tenim aqu\u00ed el programa 5 de Font TV!! L&#8217;alumnat de sis\u00e8 s&#8217;ha encarregat tamb\u00e9 de la realitzaci\u00f3 i edici\u00f3 d\u2019aquest nou programa. No us perdeu el seu contingut, el podeu trobar ja, al Youtube i fent clic en el seg\u00fcent enlla\u00e7:<\/p>\n<p><a href=\"https:\/\/youtu.be\/dTxTAeFrZCQ\" target=\"_blank\" rel=\"noopener\">Veure programa 5 de Font TV<\/a><\/p>\n<p>&nbsp;<\/p>\n<p>&nbsp;<\/p>\n","protected":false},"excerpt":{"rendered":"<p>Ja tenim aqu\u00ed el programa 5 de Font TV!!&hellip;  <a href=\"https:\/\/agora.xtec.cat\/ceip-falba\/general\/ja-tenim-aqui-el-programa-5-de-font-tv\/\" title=\"Read JA TENIM AQU\u00cd EL PROGRAMA 5 DE FONT TV!\">Llegeix m\u00e9s\u00bb<\/a><\/p>\n","protected":false},"author":72,"featured_media":12330,"comment_status":"open","ping_status":"closed","sticky":false,"template":"","format":"standard","meta":{"_bbp_topic_count":0,"_bbp_reply_count":0,"_bbp_total_topic_count":0,"_bbp_total_reply_count":0,"_bbp_voice_count":0,"_bbp_anonymous_reply_count":0,"_bbp_topic_count_hidden":0,"_bbp_reply_count_hidden":0,"_bbp_forum_subforum_count":0,"footnotes":""},"categories":[15,445,490,26,1,4,25],"tags":[],"class_list":["post-12328","post","type-post","status-publish","format-standard","has-post-thumbnail","hentry","category-6e","category-comunitat-gran","category-curs-2023-24","category-fonttv","category-general","category-portada","category-projectesescola"],"post_mailing_queue_ids":[],"_links":{"self":[{"href":"https:\/\/agora.xtec.cat\/ceip-falba\/wp-json\/wp\/v2\/posts\/12328","targetHints":{"allow":["GET"]}}],"collection":[{"href":"https:\/\/agora.xtec.cat\/ceip-falba\/wp-json\/wp\/v2\/posts"}],"about":[{"href":"https:\/\/agora.xtec.cat\/ceip-falba\/wp-json\/wp\/v2\/types\/post"}],"author":[{"embeddable":true,"href":"https:\/\/agora.xtec.cat\/ceip-falba\/wp-json\/wp\/v2\/users\/72"}],"replies":[{"embeddable":true,"href":"https:\/\/agora.xtec.cat\/ceip-falba\/wp-json\/wp\/v2\/comments?post=12328"}],"version-history":[{"count":2,"href":"https:\/\/agora.xtec.cat\/ceip-falba\/wp-json\/wp\/v2\/posts\/12328\/revisions"}],"predecessor-version":[{"id":12353,"href":"https:\/\/agora.xtec.cat\/ceip-falba\/wp-json\/wp\/v2\/posts\/12328\/revisions\/12353"}],"wp:featuredmedia":[{"embeddable":true,"href":"https:\/\/agora.xtec.cat\/ceip-falba\/wp-json\/wp\/v2\/media\/12330"}],"wp:attachment":[{"href":"https:\/\/agora.xtec.cat\/ceip-falba\/wp-json\/wp\/v2\/media?parent=12328"}],"wp:term":[{"taxonomy":"category","embeddable":true,"href":"https:\/\/agora.xtec.cat\/ceip-falba\/wp-json\/wp\/v2\/categories?post=12328"},{"taxonomy":"post_tag","embeddable":true,"href":"https:\/\/agora.xtec.cat\/ceip-falba\/wp-json\/wp\/v2\/tags?post=12328"}],"curies":[{"name":"wp","href":"https:\/\/api.w.org\/{rel}","templated":true}]}}