{"id":12313,"date":"2024-04-20T23:37:08","date_gmt":"2024-04-20T21:37:08","guid":{"rendered":"https:\/\/agora.xtec.cat\/ceip-falba\/?p=12313"},"modified":"2024-05-07T09:41:43","modified_gmt":"2024-05-07T07:41:43","slug":"participacio-al-concurs-fem-matematiques-2na-fase","status":"publish","type":"post","link":"https:\/\/agora.xtec.cat\/ceip-falba\/general\/participacio-al-concurs-fem-matematiques-2na-fase\/","title":{"rendered":"PARTICIPACI\u00d3 AL CONCURS FEM MATEM\u00c0TIQUES (2na Fase)"},"content":{"rendered":"<p>Com sabeu, els alumnes de cinqu\u00e8 i sis\u00e8 participen fa anys en el concurs del <a href=\"https:\/\/fm.feemcat.org\/\">FEM MATEM\u00c0TIQUES<\/a>,<\/p>\n<p>La primera fase del concurs s&#8217;ha fet a l&#8217;escola, solucionant problemes en petits grups. Els infants que han superat la primera fase i han passat a la segona han estat el Gael i la Lucia de sis\u00e8, i el Fernando, la F\u00e0tima i l&#8217;Ana de cinqu\u00e8.<\/p>\n<p>Avui s&#8217;ha celebrat la segona fase del concurs al centre FEDAC de Vic. La jornada he estat excepcional, i les nostres participants han gaudit amb les mates i el suport de les fam\u00edlies que els han acompanyat. No hem passat a la tercera fase (a veure el curs vinent), per\u00f2 la Luc\u00eda ha aconseguit un premi a la gimcana matem\u00e0tica de la seva categoria.<\/p>\n<p><a href=\"https:\/\/photos.google.com\/album\/AF1QipOgUCeqtaG3E-Pdp7ku6HhP0_4IwgYo6ZD0H24\">Aqu\u00ed us deixem una mostra de fotos.<\/a><\/p>\n<p><a href=\"https:\/\/agora.xtec.cat\/ceip-falba\/wp-content\/uploads\/usu658\/2024\/04\/444-JPG.jpg\"><img loading=\"lazy\" decoding=\"async\" class=\"alignnone size-large wp-image-12317\" src=\"https:\/\/agora.xtec.cat\/ceip-falba\/wp-content\/uploads\/usu658\/2024\/04\/444-JPG-1024x768.jpg\" alt=\"\" width=\"1024\" height=\"768\" srcset=\"https:\/\/agora.xtec.cat\/ceip-falba\/wp-content\/uploads\/usu658\/2024\/04\/444-JPG-1024x768.jpg 1024w, https:\/\/agora.xtec.cat\/ceip-falba\/wp-content\/uploads\/usu658\/2024\/04\/444-JPG-300x225.jpg 300w, https:\/\/agora.xtec.cat\/ceip-falba\/wp-content\/uploads\/usu658\/2024\/04\/444-JPG-768x576.jpg 768w, https:\/\/agora.xtec.cat\/ceip-falba\/wp-content\/uploads\/usu658\/2024\/04\/444-JPG-1536x1152.jpg 1536w, https:\/\/agora.xtec.cat\/ceip-falba\/wp-content\/uploads\/usu658\/2024\/04\/444-JPG-200x150.jpg 200w, https:\/\/agora.xtec.cat\/ceip-falba\/wp-content\/uploads\/usu658\/2024\/04\/444-JPG.jpg 1600w\" sizes=\"auto, (max-width: 1024px) 100vw, 1024px\" \/><\/a><\/p>\n<p>&nbsp;<\/p>\n","protected":false},"excerpt":{"rendered":"<p>Com sabeu, els alumnes de cinqu\u00e8 i sis\u00e8 participen fa anys en el concurs del <a href=\"https:\/\/fm.feemcat.org\/\">FEM MATEM\u00c0TIQUES<\/a>,<br \/>\nLa primera fase del concurs s&#8217;ha fet a l&#8217;escola, solucionant problemes en petits grups. Els infants que han superat la primera fase i han passat a la segona&hellip;  <a href=\"https:\/\/agora.xtec.cat\/ceip-falba\/general\/participacio-al-concurs-fem-matematiques-2na-fase\/\" title=\"Read PARTICIPACI\u00d3 AL CONCURS FEM MATEM\u00c0TIQUES (2na Fase)\">Llegeix m\u00e9s\u00bb<\/a><\/p>\n","protected":false},"author":20,"featured_media":0,"comment_status":"closed","ping_status":"closed","sticky":false,"template":"","format":"standard","meta":{"_bbp_topic_count":0,"_bbp_reply_count":0,"_bbp_total_topic_count":0,"_bbp_total_reply_count":0,"_bbp_voice_count":0,"_bbp_anonymous_reply_count":0,"_bbp_topic_count_hidden":0,"_bbp_reply_count_hidden":0,"_bbp_forum_subforum_count":0,"footnotes":""},"categories":[14,15,445,490,1,480,4,5],"tags":[],"class_list":["post-12313","post","type-post","status-publish","format-standard","hentry","category-5e","category-6e","category-comunitat-gran","category-curs-2023-24","category-general","category-matematiques","category-portada","category-primaria"],"post_mailing_queue_ids":[],"_links":{"self":[{"href":"https:\/\/agora.xtec.cat\/ceip-falba\/wp-json\/wp\/v2\/posts\/12313","targetHints":{"allow":["GET"]}}],"collection":[{"href":"https:\/\/agora.xtec.cat\/ceip-falba\/wp-json\/wp\/v2\/posts"}],"about":[{"href":"https:\/\/agora.xtec.cat\/ceip-falba\/wp-json\/wp\/v2\/types\/post"}],"author":[{"embeddable":true,"href":"https:\/\/agora.xtec.cat\/ceip-falba\/wp-json\/wp\/v2\/users\/20"}],"replies":[{"embeddable":true,"href":"https:\/\/agora.xtec.cat\/ceip-falba\/wp-json\/wp\/v2\/comments?post=12313"}],"version-history":[{"count":5,"href":"https:\/\/agora.xtec.cat\/ceip-falba\/wp-json\/wp\/v2\/posts\/12313\/revisions"}],"predecessor-version":[{"id":12327,"href":"https:\/\/agora.xtec.cat\/ceip-falba\/wp-json\/wp\/v2\/posts\/12313\/revisions\/12327"}],"wp:attachment":[{"href":"https:\/\/agora.xtec.cat\/ceip-falba\/wp-json\/wp\/v2\/media?parent=12313"}],"wp:term":[{"taxonomy":"category","embeddable":true,"href":"https:\/\/agora.xtec.cat\/ceip-falba\/wp-json\/wp\/v2\/categories?post=12313"},{"taxonomy":"post_tag","embeddable":true,"href":"https:\/\/agora.xtec.cat\/ceip-falba\/wp-json\/wp\/v2\/tags?post=12313"}],"curies":[{"name":"wp","href":"https:\/\/api.w.org\/{rel}","templated":true}]}}