{"id":12304,"date":"2024-04-29T11:25:15","date_gmt":"2024-04-29T09:25:15","guid":{"rendered":"https:\/\/agora.xtec.cat\/ceip-falba\/?p=12304"},"modified":"2024-04-29T11:25:15","modified_gmt":"2024-04-29T09:25:15","slug":"projecte-dinvestigacio-a-i4-els-avions","status":"publish","type":"post","link":"https:\/\/agora.xtec.cat\/ceip-falba\/infantil\/projecte-dinvestigacio-a-i4-els-avions\/","title":{"rendered":"PROJECTE D&#8217;INVESTIGACI\u00d3 A I4: ELS AVIONS"},"content":{"rendered":"<p><span style=\"font-weight: 400;\">La classe de I4 ha finalitzat el projecte dels avions. Durant aquests mesos han apr\u00e8s moltes coses interessants: Com s\u00f3n per fora? Com s\u00f3n per dins? Com volen? On s\u2019aparquen? Qui condueix l&#8217;avi\u00f3? Com a producte final d&#8217;aquest projecte, han creat el seu propi avi\u00f3 i han pogut gaudir-ne al m\u00e0xim. Els nens i nenes de I4 han mostrat un gran inter\u00e8s i entusiasme en tot aquest proc\u00e9s d&#8217;aprenentatge!\u00a0<\/span><\/p>\n<p><a href=\"https:\/\/drive.google.com\/drive\/folders\/1mO3Y3zxpepFDcGvgA2NSjyHVfiGdYIWg?usp=sharing\">Cliqueu aqu\u00ed per veure les fotos.<\/a><\/p>\n<p><a href=\"https:\/\/agora.xtec.cat\/ceip-falba\/wp-content\/uploads\/usu658\/2024\/04\/IMG_20240412_164130-2-scaled.jpg\"><img loading=\"lazy\" decoding=\"async\" class=\"alignnone size-large wp-image-12307\" src=\"https:\/\/agora.xtec.cat\/ceip-falba\/wp-content\/uploads\/usu658\/2024\/04\/IMG_20240412_164130-2-1024x768.jpg\" alt=\"\" width=\"1024\" height=\"768\" srcset=\"https:\/\/agora.xtec.cat\/ceip-falba\/wp-content\/uploads\/usu658\/2024\/04\/IMG_20240412_164130-2-1024x768.jpg 1024w, https:\/\/agora.xtec.cat\/ceip-falba\/wp-content\/uploads\/usu658\/2024\/04\/IMG_20240412_164130-2-300x225.jpg 300w, https:\/\/agora.xtec.cat\/ceip-falba\/wp-content\/uploads\/usu658\/2024\/04\/IMG_20240412_164130-2-768x576.jpg 768w, https:\/\/agora.xtec.cat\/ceip-falba\/wp-content\/uploads\/usu658\/2024\/04\/IMG_20240412_164130-2-1536x1152.jpg 1536w, https:\/\/agora.xtec.cat\/ceip-falba\/wp-content\/uploads\/usu658\/2024\/04\/IMG_20240412_164130-2-2048x1536.jpg 2048w, https:\/\/agora.xtec.cat\/ceip-falba\/wp-content\/uploads\/usu658\/2024\/04\/IMG_20240412_164130-2-200x150.jpg 200w\" sizes=\"auto, (max-width: 1024px) 100vw, 1024px\" \/><\/a><\/p>\n","protected":false},"excerpt":{"rendered":"<p>La classe de I4 ha finalitzat el projecte dels avions. Durant aquests mesos han apr\u00e8s moltes coses interessants: Com s\u00f3n per fora? Com s\u00f3n per dins? Com volen? On s\u2019aparquen? Qui condueix l&#8217;avi\u00f3? Com a producte final d&#8217;aquest projecte, han creat el seu propi avi\u00f3&hellip;  <a href=\"https:\/\/agora.xtec.cat\/ceip-falba\/infantil\/projecte-dinvestigacio-a-i4-els-avions\/\" title=\"Read PROJECTE D&#8217;INVESTIGACI\u00d3 A I4: ELS AVIONS\">Llegeix m\u00e9s\u00bb<\/a><\/p>\n","protected":false},"author":109,"featured_media":12305,"comment_status":"closed","ping_status":"closed","sticky":false,"template":"","format":"standard","meta":{"_bbp_topic_count":0,"_bbp_reply_count":0,"_bbp_total_topic_count":0,"_bbp_total_reply_count":0,"_bbp_voice_count":0,"_bbp_anonymous_reply_count":0,"_bbp_topic_count_hidden":0,"_bbp_reply_count_hidden":0,"_bbp_forum_subforum_count":0,"footnotes":""},"categories":[340,490,2,4,454],"tags":[],"class_list":["post-12304","post","type-post","status-publish","format-standard","has-post-thumbnail","hentry","category-comunitat-de-petits","category-curs-2023-24","category-infantil","category-portada","category-projectes-dinvestigacions"],"post_mailing_queue_ids":[],"_links":{"self":[{"href":"https:\/\/agora.xtec.cat\/ceip-falba\/wp-json\/wp\/v2\/posts\/12304","targetHints":{"allow":["GET"]}}],"collection":[{"href":"https:\/\/agora.xtec.cat\/ceip-falba\/wp-json\/wp\/v2\/posts"}],"about":[{"href":"https:\/\/agora.xtec.cat\/ceip-falba\/wp-json\/wp\/v2\/types\/post"}],"author":[{"embeddable":true,"href":"https:\/\/agora.xtec.cat\/ceip-falba\/wp-json\/wp\/v2\/users\/109"}],"replies":[{"embeddable":true,"href":"https:\/\/agora.xtec.cat\/ceip-falba\/wp-json\/wp\/v2\/comments?post=12304"}],"version-history":[{"count":3,"href":"https:\/\/agora.xtec.cat\/ceip-falba\/wp-json\/wp\/v2\/posts\/12304\/revisions"}],"predecessor-version":[{"id":12309,"href":"https:\/\/agora.xtec.cat\/ceip-falba\/wp-json\/wp\/v2\/posts\/12304\/revisions\/12309"}],"wp:featuredmedia":[{"embeddable":true,"href":"https:\/\/agora.xtec.cat\/ceip-falba\/wp-json\/wp\/v2\/media\/12305"}],"wp:attachment":[{"href":"https:\/\/agora.xtec.cat\/ceip-falba\/wp-json\/wp\/v2\/media?parent=12304"}],"wp:term":[{"taxonomy":"category","embeddable":true,"href":"https:\/\/agora.xtec.cat\/ceip-falba\/wp-json\/wp\/v2\/categories?post=12304"},{"taxonomy":"post_tag","embeddable":true,"href":"https:\/\/agora.xtec.cat\/ceip-falba\/wp-json\/wp\/v2\/tags?post=12304"}],"curies":[{"name":"wp","href":"https:\/\/api.w.org\/{rel}","templated":true}]}}