{"id":12266,"date":"2024-04-10T10:30:57","date_gmt":"2024-04-10T08:30:57","guid":{"rendered":"https:\/\/agora.xtec.cat\/ceip-falba\/?p=12266"},"modified":"2024-05-02T12:49:08","modified_gmt":"2024-05-02T10:49:08","slug":"mur-de-les-raons-musicals","status":"publish","type":"post","link":"https:\/\/agora.xtec.cat\/ceip-falba\/portada\/mur-de-les-raons-musicals\/","title":{"rendered":"&#8220;Mur de les raons musicals&#8221;"},"content":{"rendered":"<p><span style=\"font-weight: 400;\">\u00a0M\u00fasica per a qu\u00e8?\u00a0<\/span><\/p>\n<p><span style=\"font-weight: 400;\">Aquesta din\u00e0mica participativa creada al segon trimestre ens convida a reflexionar sobre la funci\u00f3 que la m\u00fasica realitza a les nostres vides, tant dins com fora de l\u2019escola.<\/span><\/p>\n<p><span style=\"font-weight: 400;\">\u00a0Vivim a un m\u00f3n on tot va molt r\u00e0pid, amb molts est\u00edmuls constants, i de vegades es necessita fer una pausa per fixar-nos en els petits detalls.<\/span><\/p>\n<p><span style=\"font-weight: 400;\"> La m\u00fasica, sigui de manera volunt\u00e0ria o no, ens acompanya a la nostra vida i pot realitzar diverses funcions. Per a alguns pot ser una via de sortida als seus problemes, per a altres un complement per als moments en els que est\u00e0 feli\u00e7\u2026<\/span><\/p>\n<p><span style=\"font-weight: 400;\">\u00a0Els nens i nenes de prim\u00e0ria ens expliquen les seves \u201craons musicals\u201d en forma de mural per tal de posar en valor la m\u00fasica a les nostres vides, i com no, a l\u2019escola.<\/span><\/p>\n<p>&nbsp;<\/p>\n<p><span style=\"font-weight: 400;\"><a href=\"https:\/\/agora.xtec.cat\/ceip-falba\/wp-content\/uploads\/usu658\/2024\/04\/1712314167317.jpg\"><img loading=\"lazy\" decoding=\"async\" class=\"alignnone size-large wp-image-12274\" src=\"https:\/\/agora.xtec.cat\/ceip-falba\/wp-content\/uploads\/usu658\/2024\/04\/1712314167317-1024x768.jpg\" alt=\"\" width=\"1024\" height=\"768\" srcset=\"https:\/\/agora.xtec.cat\/ceip-falba\/wp-content\/uploads\/usu658\/2024\/04\/1712314167317-1024x768.jpg 1024w, https:\/\/agora.xtec.cat\/ceip-falba\/wp-content\/uploads\/usu658\/2024\/04\/1712314167317-300x225.jpg 300w, https:\/\/agora.xtec.cat\/ceip-falba\/wp-content\/uploads\/usu658\/2024\/04\/1712314167317-768x576.jpg 768w, https:\/\/agora.xtec.cat\/ceip-falba\/wp-content\/uploads\/usu658\/2024\/04\/1712314167317-1536x1152.jpg 1536w, https:\/\/agora.xtec.cat\/ceip-falba\/wp-content\/uploads\/usu658\/2024\/04\/1712314167317-200x150.jpg 200w, https:\/\/agora.xtec.cat\/ceip-falba\/wp-content\/uploads\/usu658\/2024\/04\/1712314167317.jpg 1600w\" sizes=\"auto, (max-width: 1024px) 100vw, 1024px\" \/><\/a><a href=\"https:\/\/agora.xtec.cat\/ceip-falba\/wp-content\/uploads\/usu658\/2024\/04\/1712314167172.jpg\"><img loading=\"lazy\" decoding=\"async\" class=\"alignnone size-large wp-image-12270\" src=\"https:\/\/agora.xtec.cat\/ceip-falba\/wp-content\/uploads\/usu658\/2024\/04\/1712314167172-1024x768.jpg\" alt=\"\" width=\"1024\" height=\"768\" srcset=\"https:\/\/agora.xtec.cat\/ceip-falba\/wp-content\/uploads\/usu658\/2024\/04\/1712314167172-1024x768.jpg 1024w, https:\/\/agora.xtec.cat\/ceip-falba\/wp-content\/uploads\/usu658\/2024\/04\/1712314167172-300x225.jpg 300w, https:\/\/agora.xtec.cat\/ceip-falba\/wp-content\/uploads\/usu658\/2024\/04\/1712314167172-768x576.jpg 768w, https:\/\/agora.xtec.cat\/ceip-falba\/wp-content\/uploads\/usu658\/2024\/04\/1712314167172-1536x1152.jpg 1536w, https:\/\/agora.xtec.cat\/ceip-falba\/wp-content\/uploads\/usu658\/2024\/04\/1712314167172-200x150.jpg 200w, https:\/\/agora.xtec.cat\/ceip-falba\/wp-content\/uploads\/usu658\/2024\/04\/1712314167172.jpg 1600w\" sizes=\"auto, (max-width: 1024px) 100vw, 1024px\" \/><\/a><a href=\"https:\/\/agora.xtec.cat\/ceip-falba\/wp-content\/uploads\/usu658\/2024\/04\/1712314167209.jpg\"><img loading=\"lazy\" decoding=\"async\" class=\"alignnone size-large wp-image-12271\" src=\"https:\/\/agora.xtec.cat\/ceip-falba\/wp-content\/uploads\/usu658\/2024\/04\/1712314167209-1024x768.jpg\" alt=\"\" width=\"1024\" height=\"768\" srcset=\"https:\/\/agora.xtec.cat\/ceip-falba\/wp-content\/uploads\/usu658\/2024\/04\/1712314167209-1024x768.jpg 1024w, https:\/\/agora.xtec.cat\/ceip-falba\/wp-content\/uploads\/usu658\/2024\/04\/1712314167209-300x225.jpg 300w, https:\/\/agora.xtec.cat\/ceip-falba\/wp-content\/uploads\/usu658\/2024\/04\/1712314167209-768x576.jpg 768w, https:\/\/agora.xtec.cat\/ceip-falba\/wp-content\/uploads\/usu658\/2024\/04\/1712314167209-1536x1152.jpg 1536w, https:\/\/agora.xtec.cat\/ceip-falba\/wp-content\/uploads\/usu658\/2024\/04\/1712314167209-200x150.jpg 200w, https:\/\/agora.xtec.cat\/ceip-falba\/wp-content\/uploads\/usu658\/2024\/04\/1712314167209.jpg 1600w\" sizes=\"auto, (max-width: 1024px) 100vw, 1024px\" \/><\/a><a href=\"https:\/\/agora.xtec.cat\/ceip-falba\/wp-content\/uploads\/usu658\/2024\/04\/1712314167251.jpg\"><img loading=\"lazy\" decoding=\"async\" class=\"alignnone size-large wp-image-12272\" src=\"https:\/\/agora.xtec.cat\/ceip-falba\/wp-content\/uploads\/usu658\/2024\/04\/1712314167251-1024x768.jpg\" alt=\"\" width=\"1024\" height=\"768\" srcset=\"https:\/\/agora.xtec.cat\/ceip-falba\/wp-content\/uploads\/usu658\/2024\/04\/1712314167251-1024x768.jpg 1024w, https:\/\/agora.xtec.cat\/ceip-falba\/wp-content\/uploads\/usu658\/2024\/04\/1712314167251-300x225.jpg 300w, https:\/\/agora.xtec.cat\/ceip-falba\/wp-content\/uploads\/usu658\/2024\/04\/1712314167251-768x576.jpg 768w, https:\/\/agora.xtec.cat\/ceip-falba\/wp-content\/uploads\/usu658\/2024\/04\/1712314167251-1536x1152.jpg 1536w, https:\/\/agora.xtec.cat\/ceip-falba\/wp-content\/uploads\/usu658\/2024\/04\/1712314167251-200x150.jpg 200w, https:\/\/agora.xtec.cat\/ceip-falba\/wp-content\/uploads\/usu658\/2024\/04\/1712314167251.jpg 1600w\" sizes=\"auto, (max-width: 1024px) 100vw, 1024px\" \/><\/a><a href=\"https:\/\/agora.xtec.cat\/ceip-falba\/wp-content\/uploads\/usu658\/2024\/04\/1712314167285.jpg\"><img loading=\"lazy\" decoding=\"async\" class=\"alignnone size-large wp-image-12273\" src=\"https:\/\/agora.xtec.cat\/ceip-falba\/wp-content\/uploads\/usu658\/2024\/04\/1712314167285-1024x768.jpg\" alt=\"\" width=\"1024\" height=\"768\" srcset=\"https:\/\/agora.xtec.cat\/ceip-falba\/wp-content\/uploads\/usu658\/2024\/04\/1712314167285-1024x768.jpg 1024w, https:\/\/agora.xtec.cat\/ceip-falba\/wp-content\/uploads\/usu658\/2024\/04\/1712314167285-300x225.jpg 300w, https:\/\/agora.xtec.cat\/ceip-falba\/wp-content\/uploads\/usu658\/2024\/04\/1712314167285-768x576.jpg 768w, https:\/\/agora.xtec.cat\/ceip-falba\/wp-content\/uploads\/usu658\/2024\/04\/1712314167285-1536x1152.jpg 1536w, https:\/\/agora.xtec.cat\/ceip-falba\/wp-content\/uploads\/usu658\/2024\/04\/1712314167285-200x150.jpg 200w, https:\/\/agora.xtec.cat\/ceip-falba\/wp-content\/uploads\/usu658\/2024\/04\/1712314167285.jpg 1600w\" sizes=\"auto, (max-width: 1024px) 100vw, 1024px\" \/><\/a><a href=\"https:\/\/agora.xtec.cat\/ceip-falba\/wp-content\/uploads\/usu658\/2024\/04\/1712314167351.jpg\"><img loading=\"lazy\" decoding=\"async\" class=\"alignnone size-large wp-image-12275\" src=\"https:\/\/agora.xtec.cat\/ceip-falba\/wp-content\/uploads\/usu658\/2024\/04\/1712314167351-1024x768.jpg\" alt=\"\" width=\"1024\" height=\"768\" srcset=\"https:\/\/agora.xtec.cat\/ceip-falba\/wp-content\/uploads\/usu658\/2024\/04\/1712314167351-1024x768.jpg 1024w, https:\/\/agora.xtec.cat\/ceip-falba\/wp-content\/uploads\/usu658\/2024\/04\/1712314167351-300x225.jpg 300w, https:\/\/agora.xtec.cat\/ceip-falba\/wp-content\/uploads\/usu658\/2024\/04\/1712314167351-768x576.jpg 768w, https:\/\/agora.xtec.cat\/ceip-falba\/wp-content\/uploads\/usu658\/2024\/04\/1712314167351-1536x1152.jpg 1536w, https:\/\/agora.xtec.cat\/ceip-falba\/wp-content\/uploads\/usu658\/2024\/04\/1712314167351-200x150.jpg 200w, https:\/\/agora.xtec.cat\/ceip-falba\/wp-content\/uploads\/usu658\/2024\/04\/1712314167351.jpg 1600w\" sizes=\"auto, (max-width: 1024px) 100vw, 1024px\" \/><\/a><\/span><\/p>\n<p>&nbsp;<\/p>\n","protected":false},"excerpt":{"rendered":"<p>\u00a0M\u00fasica per a qu\u00e8?\u00a0&hellip;  <a href=\"https:\/\/agora.xtec.cat\/ceip-falba\/portada\/mur-de-les-raons-musicals\/\" title=\"Read &#8220;Mur de les raons musicals&#8221;\">Llegeix m\u00e9s\u00bb<\/a><\/p>\n","protected":false},"author":1,"featured_media":12275,"comment_status":"closed","ping_status":"closed","sticky":false,"template":"","format":"standard","meta":{"_bbp_topic_count":0,"_bbp_reply_count":0,"_bbp_total_topic_count":0,"_bbp_total_reply_count":0,"_bbp_voice_count":0,"_bbp_anonymous_reply_count":0,"_bbp_topic_count_hidden":0,"_bbp_reply_count_hidden":0,"_bbp_forum_subforum_count":0,"footnotes":""},"categories":[10,11,12,211,14,15,445,442,490,34,507,4,5],"tags":[],"class_list":["post-12266","post","type-post","status-publish","format-standard","has-post-thumbnail","hentry","category-1r","category-2n","category-3r","category-4t","category-5e","category-6e","category-comunitat-gran","category-comunitat-mitjana","category-curs-2023-24","category-musica","category-musica-2","category-portada","category-primaria"],"post_mailing_queue_ids":[],"_links":{"self":[{"href":"https:\/\/agora.xtec.cat\/ceip-falba\/wp-json\/wp\/v2\/posts\/12266","targetHints":{"allow":["GET"]}}],"collection":[{"href":"https:\/\/agora.xtec.cat\/ceip-falba\/wp-json\/wp\/v2\/posts"}],"about":[{"href":"https:\/\/agora.xtec.cat\/ceip-falba\/wp-json\/wp\/v2\/types\/post"}],"author":[{"embeddable":true,"href":"https:\/\/agora.xtec.cat\/ceip-falba\/wp-json\/wp\/v2\/users\/1"}],"replies":[{"embeddable":true,"href":"https:\/\/agora.xtec.cat\/ceip-falba\/wp-json\/wp\/v2\/comments?post=12266"}],"version-history":[{"count":2,"href":"https:\/\/agora.xtec.cat\/ceip-falba\/wp-json\/wp\/v2\/posts\/12266\/revisions"}],"predecessor-version":[{"id":12298,"href":"https:\/\/agora.xtec.cat\/ceip-falba\/wp-json\/wp\/v2\/posts\/12266\/revisions\/12298"}],"wp:featuredmedia":[{"embeddable":true,"href":"https:\/\/agora.xtec.cat\/ceip-falba\/wp-json\/wp\/v2\/media\/12275"}],"wp:attachment":[{"href":"https:\/\/agora.xtec.cat\/ceip-falba\/wp-json\/wp\/v2\/media?parent=12266"}],"wp:term":[{"taxonomy":"category","embeddable":true,"href":"https:\/\/agora.xtec.cat\/ceip-falba\/wp-json\/wp\/v2\/categories?post=12266"},{"taxonomy":"post_tag","embeddable":true,"href":"https:\/\/agora.xtec.cat\/ceip-falba\/wp-json\/wp\/v2\/tags?post=12266"}],"curies":[{"name":"wp","href":"https:\/\/api.w.org\/{rel}","templated":true}]}}