{"id":12245,"date":"2024-03-23T10:11:19","date_gmt":"2024-03-23T09:11:19","guid":{"rendered":"https:\/\/agora.xtec.cat\/ceip-falba\/?p=12245"},"modified":"2024-03-26T15:11:59","modified_gmt":"2024-03-26T14:11:59","slug":"festival-de-primavera-2024","status":"publish","type":"post","link":"https:\/\/agora.xtec.cat\/ceip-falba\/general\/festival-de-primavera-2024\/","title":{"rendered":"FESTIVAL DE PRIMAVERA 2024"},"content":{"rendered":"<p><a href=\"https:\/\/youtu.be\/-2qgcZL3ikY\"><strong>Av\u00eds important: fins el dia 26 sobre les 15.00 hores no es podia visualitzar el ball de 6\u00e8A per un error d&#8217;edici\u00f3. Ja est\u00e0 solucionat i podeu gaudir de tots els balls.<\/strong><\/a><\/p>\n<p><a href=\"https:\/\/youtu.be\/-2qgcZL3ikY\">Aquest divendres 22 de mar\u00e7, \u00faltim dia del trimestre, hem celebrat el Festival de Primavera al pati del centre.<\/a><\/p>\n<p>Tot l&#8217;alumnat ens ha fet gaudir de les danses t\u00edpiques de Catalunya que tant el Josep com el Rafa han treballat durant el trimestre.<\/p>\n<p>Volem agrair la gran assist\u00e8ncia de fam\u00edlies, aix\u00ed com la seva bona predisposici\u00f3.<\/p>\n<p>Tamb\u00e9 volem felicitar a tothom que ha participat a l&#8217;esdeveniment per la seva feina i el seu entusiasme.<\/p>\n","protected":false},"excerpt":{"rendered":"<p>Aquest divendres 22 de mar\u00e7, \u00faltim dia del trimestre, hem celebrat el Festival de Primavera al pati del centre.&hellip;  <a href=\"https:\/\/agora.xtec.cat\/ceip-falba\/general\/festival-de-primavera-2024\/\" title=\"Read FESTIVAL DE PRIMAVERA 2024\">Llegeix m\u00e9s\u00bb<\/a><\/p>\n","protected":false},"author":1,"featured_media":12259,"comment_status":"closed","ping_status":"closed","sticky":false,"template":"","format":"standard","meta":{"_bbp_topic_count":0,"_bbp_reply_count":0,"_bbp_total_topic_count":0,"_bbp_total_reply_count":0,"_bbp_voice_count":0,"_bbp_anonymous_reply_count":0,"_bbp_topic_count_hidden":0,"_bbp_reply_count_hidden":0,"_bbp_forum_subforum_count":0,"footnotes":""},"categories":[10,11,12,211,14,15,445,442,340,490,476,35,1,3,8,9,2,34,4,5],"tags":[],"class_list":["post-12245","post","type-post","status-publish","format-standard","has-post-thumbnail","hentry","category-1r","category-2n","category-3r","category-4t","category-5e","category-6e","category-comunitat-gran","category-comunitat-mitjana","category-comunitat-de-petits","category-curs-2023-24","category-educacio-fisica","category-festes","category-general","category-p3","category-p4","category-p5","category-infantil","category-musica","category-portada","category-primaria"],"post_mailing_queue_ids":[],"_links":{"self":[{"href":"https:\/\/agora.xtec.cat\/ceip-falba\/wp-json\/wp\/v2\/posts\/12245","targetHints":{"allow":["GET"]}}],"collection":[{"href":"https:\/\/agora.xtec.cat\/ceip-falba\/wp-json\/wp\/v2\/posts"}],"about":[{"href":"https:\/\/agora.xtec.cat\/ceip-falba\/wp-json\/wp\/v2\/types\/post"}],"author":[{"embeddable":true,"href":"https:\/\/agora.xtec.cat\/ceip-falba\/wp-json\/wp\/v2\/users\/1"}],"replies":[{"embeddable":true,"href":"https:\/\/agora.xtec.cat\/ceip-falba\/wp-json\/wp\/v2\/comments?post=12245"}],"version-history":[{"count":4,"href":"https:\/\/agora.xtec.cat\/ceip-falba\/wp-json\/wp\/v2\/posts\/12245\/revisions"}],"predecessor-version":[{"id":12262,"href":"https:\/\/agora.xtec.cat\/ceip-falba\/wp-json\/wp\/v2\/posts\/12245\/revisions\/12262"}],"wp:featuredmedia":[{"embeddable":true,"href":"https:\/\/agora.xtec.cat\/ceip-falba\/wp-json\/wp\/v2\/media\/12259"}],"wp:attachment":[{"href":"https:\/\/agora.xtec.cat\/ceip-falba\/wp-json\/wp\/v2\/media?parent=12245"}],"wp:term":[{"taxonomy":"category","embeddable":true,"href":"https:\/\/agora.xtec.cat\/ceip-falba\/wp-json\/wp\/v2\/categories?post=12245"},{"taxonomy":"post_tag","embeddable":true,"href":"https:\/\/agora.xtec.cat\/ceip-falba\/wp-json\/wp\/v2\/tags?post=12245"}],"curies":[{"name":"wp","href":"https:\/\/api.w.org\/{rel}","templated":true}]}}