{"id":12244,"date":"2024-03-22T15:32:15","date_gmt":"2024-03-22T14:32:15","guid":{"rendered":"https:\/\/agora.xtec.cat\/ceip-falba\/?p=12244"},"modified":"2024-03-22T16:36:40","modified_gmt":"2024-03-22T15:36:40","slug":"lalumnat-de-5e-acomiada-el-teixint-histories-amb-el-programa-2","status":"publish","type":"post","link":"https:\/\/agora.xtec.cat\/ceip-falba\/portada\/lalumnat-de-5e-acomiada-el-teixint-histories-amb-el-programa-2\/","title":{"rendered":"L&#8217;ALUMNAT DE 5\u00c8 ACOMIADA EL TEIXINT HIST\u00d2RIES AMB EL PROGRAMA 2"},"content":{"rendered":"<p>&nbsp;<\/p>\n<p><a href=\"https:\/\/youtu.be\/K_EamhJfhWo\"><img loading=\"lazy\" decoding=\"async\" class=\"alignnone size-full wp-image-12248\" src=\"https:\/\/agora.xtec.cat\/ceip-falba\/wp-content\/uploads\/usu658\/2024\/03\/miniatura-1.jpg\" alt=\"\" width=\"994\" height=\"582\" srcset=\"https:\/\/agora.xtec.cat\/ceip-falba\/wp-content\/uploads\/usu658\/2024\/03\/miniatura-1.jpg 994w, https:\/\/agora.xtec.cat\/ceip-falba\/wp-content\/uploads\/usu658\/2024\/03\/miniatura-1-300x176.jpg 300w, https:\/\/agora.xtec.cat\/ceip-falba\/wp-content\/uploads\/usu658\/2024\/03\/miniatura-1-768x450.jpg 768w\" sizes=\"auto, (max-width: 994px) 100vw, 994px\" \/><\/a><\/p>\n<p>No us perdeu el programa 2 de Teixint Hist\u00f2ries d&#8217;aquest curs que &#8220;acaba de sortir del forn&#8221; on parlarem sobre l&#8217;\u00e0lbum il\u00b7lustrat &#8220;<em>Si jo fos<\/em>&#8220;.<\/p>\n<p>L&#8217;alumnat de 5\u00e8 s&#8217;acomiada del Teixint hist\u00f2ries. Despr\u00e9s de 3 cursos de dur-lo a la pr\u00e0ctica, hem decidit tancar aquesta etapa per afrontar nous reptes audiovisuals i preparar un nou format de Font TV adaptant els objectius al seu nivell.<\/p>\n<p>Fent clic a l&#8217;enlla\u00e7 o a la imatge, podreu veure el programa!<\/p>\n<p>I tu? Qui vols ser?<\/p>\n<p><a href=\"https:\/\/youtu.be\/K_EamhJfhWo\" target=\"_blank\" rel=\"noopener\">Veure el Programa 2 de Teixint Hist\u00f2ries<\/a><\/p>\n","protected":false},"excerpt":{"rendered":"<p>No us perdeu el programa 2 de Teixint Hist\u00f2ries d&#8217;aquest curs que &#8220;acaba de sortir del forn&#8221; on parlarem sobre l&#8217;\u00e0lbum il\u00b7lustrat &#8220;Si jo fos&#8221;.&hellip;  <a href=\"https:\/\/agora.xtec.cat\/ceip-falba\/portada\/lalumnat-de-5e-acomiada-el-teixint-histories-amb-el-programa-2\/\" title=\"Read L&#8217;ALUMNAT DE 5\u00c8 ACOMIADA EL TEIXINT HIST\u00d2RIES AMB EL PROGRAMA 2\">Llegeix m\u00e9s\u00bb<\/a><\/p>\n","protected":false},"author":72,"featured_media":12248,"comment_status":"closed","ping_status":"closed","sticky":false,"template":"","format":"standard","meta":{"_bbp_topic_count":0,"_bbp_reply_count":0,"_bbp_total_topic_count":0,"_bbp_total_reply_count":0,"_bbp_voice_count":0,"_bbp_anonymous_reply_count":0,"_bbp_topic_count_hidden":0,"_bbp_reply_count_hidden":0,"_bbp_forum_subforum_count":0,"footnotes":""},"categories":[14,445,490,26,4,5],"tags":[257,420,282,284,505,506,77],"class_list":["post-12244","post","type-post","status-publish","format-standard","has-post-thumbnail","hentry","category-5e","category-comunitat-gran","category-curs-2023-24","category-fonttv","category-portada","category-primaria","tag-5e","tag-audiovisual","tag-font-tv","tag-programa-2","tag-projecte-audiovisual","tag-teixint-histories","tag-video"],"post_mailing_queue_ids":[],"_links":{"self":[{"href":"https:\/\/agora.xtec.cat\/ceip-falba\/wp-json\/wp\/v2\/posts\/12244","targetHints":{"allow":["GET"]}}],"collection":[{"href":"https:\/\/agora.xtec.cat\/ceip-falba\/wp-json\/wp\/v2\/posts"}],"about":[{"href":"https:\/\/agora.xtec.cat\/ceip-falba\/wp-json\/wp\/v2\/types\/post"}],"author":[{"embeddable":true,"href":"https:\/\/agora.xtec.cat\/ceip-falba\/wp-json\/wp\/v2\/users\/72"}],"replies":[{"embeddable":true,"href":"https:\/\/agora.xtec.cat\/ceip-falba\/wp-json\/wp\/v2\/comments?post=12244"}],"version-history":[{"count":2,"href":"https:\/\/agora.xtec.cat\/ceip-falba\/wp-json\/wp\/v2\/posts\/12244\/revisions"}],"predecessor-version":[{"id":12249,"href":"https:\/\/agora.xtec.cat\/ceip-falba\/wp-json\/wp\/v2\/posts\/12244\/revisions\/12249"}],"wp:featuredmedia":[{"embeddable":true,"href":"https:\/\/agora.xtec.cat\/ceip-falba\/wp-json\/wp\/v2\/media\/12248"}],"wp:attachment":[{"href":"https:\/\/agora.xtec.cat\/ceip-falba\/wp-json\/wp\/v2\/media?parent=12244"}],"wp:term":[{"taxonomy":"category","embeddable":true,"href":"https:\/\/agora.xtec.cat\/ceip-falba\/wp-json\/wp\/v2\/categories?post=12244"},{"taxonomy":"post_tag","embeddable":true,"href":"https:\/\/agora.xtec.cat\/ceip-falba\/wp-json\/wp\/v2\/tags?post=12244"}],"curies":[{"name":"wp","href":"https:\/\/api.w.org\/{rel}","templated":true}]}}