{"id":12178,"date":"2024-02-26T09:13:07","date_gmt":"2024-02-26T08:13:07","guid":{"rendered":"https:\/\/agora.xtec.cat\/ceip-falba\/?p=12178"},"modified":"2024-02-26T09:14:44","modified_gmt":"2024-02-26T08:14:44","slug":"3r-descobrint-terrassa","status":"publish","type":"post","link":"https:\/\/agora.xtec.cat\/ceip-falba\/general\/3r-descobrint-terrassa\/","title":{"rendered":"3r. Descobrint Terrassa"},"content":{"rendered":"<p>Els nostres alumnes han tingut l&#8217;oportunitat de con\u00e8ixer m\u00e9s a fons la hist\u00f2ria i la riquesa cultural de la nostra estimada ciutat de Terrassa. A trav\u00e9s d&#8217;una jornada plena d&#8217;exploraci\u00f3 i aprenentatge, hem descobert els tresors que s&#8217;amaguen als nostres carrers i edificis emblem\u00e0tics.<\/p>\n<p>La jornada va comen\u00e7ar amb una visita guiada a la Torre del Palau, una joia arquitect\u00f2nica que ens trasllada a temps passats. Els nostres alumnes van tenir l&#8217;oportunitat de con\u00e8ixer la hist\u00f2ria d&#8217;aquesta construcci\u00f3 medieval i gaudir d&#8217;unes vistes impressionants de la ciutat.<\/p>\n<p>Seguidament, ens vam endinsar en el cor del modernisme catal\u00e0 amb una visita a la Casa Alegre de Sagrera. Aquesta obra mestra de l&#8217;arquitectura modernista ens va captivar amb la seva bellesa i detalls exquisits. All\u00e0 mateix vam<span style=\"font-family: inherit; font-size: 1em;\"> posar en pr\u00e0ctica el que hav\u00edem apr\u00e8s i despertar la nostra creativitat, participant en un emocionant taller de vitralls.\u00a0<\/span><\/p>\n<p>En resum, \u00a0ha estat una experi\u00e8ncia educativa i inspiradora per a tots nosaltres. Hem apr\u00e8s sobre la nostra hist\u00f2ria, apreciat la nostra arquitectura i creat bellesa amb les nostres pr\u00f2pies mans.<\/p>\n<p><a href=\"https:\/\/drive.google.com\/drive\/folders\/1BRaEIaw8ALwtW3h8Qzr-NSmhuxhkDqum?usp=share_link\">Cliqueu per veure algunes fotos.\u00a0<\/a><\/p>\n","protected":false},"excerpt":{"rendered":"<p>Els nostres alumnes han tingut l&#8217;oportunitat de con\u00e8ixer m\u00e9s a fons la hist\u00f2ria i la riquesa cultural de la nostra estimada ciutat de Terrassa. A trav\u00e9s d&#8217;una jornada plena d&#8217;exploraci\u00f3 i aprenentatge, hem descobert els tresors que s&#8217;amaguen als nostres carrers i edificis emblem\u00e0tics.<br \/>\nLa jornada&hellip;  <a href=\"https:\/\/agora.xtec.cat\/ceip-falba\/general\/3r-descobrint-terrassa\/\" title=\"Read 3r. Descobrint Terrassa\">Llegeix m\u00e9s\u00bb<\/a><\/p>\n","protected":false},"author":14,"featured_media":12179,"comment_status":"closed","ping_status":"closed","sticky":false,"template":"","format":"standard","meta":{"_bbp_topic_count":0,"_bbp_reply_count":0,"_bbp_total_topic_count":0,"_bbp_total_reply_count":0,"_bbp_voice_count":0,"_bbp_anonymous_reply_count":0,"_bbp_topic_count_hidden":0,"_bbp_reply_count_hidden":0,"_bbp_forum_subforum_count":0,"footnotes":""},"categories":[12,442,453,490,1,4],"tags":[],"class_list":["post-12178","post","type-post","status-publish","format-standard","has-post-thumbnail","hentry","category-3r","category-comunitat-mitjana","category-contextos-daprenentatge","category-curs-2023-24","category-general","category-portada"],"post_mailing_queue_ids":[],"_links":{"self":[{"href":"https:\/\/agora.xtec.cat\/ceip-falba\/wp-json\/wp\/v2\/posts\/12178","targetHints":{"allow":["GET"]}}],"collection":[{"href":"https:\/\/agora.xtec.cat\/ceip-falba\/wp-json\/wp\/v2\/posts"}],"about":[{"href":"https:\/\/agora.xtec.cat\/ceip-falba\/wp-json\/wp\/v2\/types\/post"}],"author":[{"embeddable":true,"href":"https:\/\/agora.xtec.cat\/ceip-falba\/wp-json\/wp\/v2\/users\/14"}],"replies":[{"embeddable":true,"href":"https:\/\/agora.xtec.cat\/ceip-falba\/wp-json\/wp\/v2\/comments?post=12178"}],"version-history":[{"count":1,"href":"https:\/\/agora.xtec.cat\/ceip-falba\/wp-json\/wp\/v2\/posts\/12178\/revisions"}],"predecessor-version":[{"id":12180,"href":"https:\/\/agora.xtec.cat\/ceip-falba\/wp-json\/wp\/v2\/posts\/12178\/revisions\/12180"}],"wp:featuredmedia":[{"embeddable":true,"href":"https:\/\/agora.xtec.cat\/ceip-falba\/wp-json\/wp\/v2\/media\/12179"}],"wp:attachment":[{"href":"https:\/\/agora.xtec.cat\/ceip-falba\/wp-json\/wp\/v2\/media?parent=12178"}],"wp:term":[{"taxonomy":"category","embeddable":true,"href":"https:\/\/agora.xtec.cat\/ceip-falba\/wp-json\/wp\/v2\/categories?post=12178"},{"taxonomy":"post_tag","embeddable":true,"href":"https:\/\/agora.xtec.cat\/ceip-falba\/wp-json\/wp\/v2\/tags?post=12178"}],"curies":[{"name":"wp","href":"https:\/\/api.w.org\/{rel}","templated":true}]}}