{"id":1217,"date":"2016-06-07T12:21:44","date_gmt":"2016-06-07T11:21:44","guid":{"rendered":"http:\/\/agora.xtec.cat\/ceip-falba\/?p=1217"},"modified":"2016-06-07T13:31:47","modified_gmt":"2016-06-07T12:31:47","slug":"musica-instruments-i-audicio","status":"publish","type":"post","link":"https:\/\/agora.xtec.cat\/ceip-falba\/infantil\/musica-instruments-i-audicio\/","title":{"rendered":"M\u00daSICA: Instruments i Audici\u00f3"},"content":{"rendered":"<p>Amb els m\u00e9s petits de la nostra escola, comencem a fer un petit treball d&#8217;audici\u00f3 i iniciaci\u00f3 al coneixement dels instruments de petita percussi\u00f3. Per treballar l&#8217;audici\u00f3 fem servir les campanes musicals, les quals tenen un s\u00f2 diferent seguint l&#8217;escala musical (del DO al DO agut) i els instruments de petita percussi\u00f3 ens permeten con\u00e8ixer els recursos sonors i tamb\u00e9 treballar el ritme.<\/p>\n<p>&nbsp;<\/p>\n<p><a href=\"http:\/\/agora.xtec.cat\/ceip-falba\/wp-content\/uploads\/usu658\/2016\/06\/20160602_104547.jpg\" rel=\"attachment wp-att-1221\"><img loading=\"lazy\" decoding=\"async\" class=\"alignnone size-large wp-image-1221\" src=\"http:\/\/agora.xtec.cat\/ceip-falba\/wp-content\/uploads\/usu658\/2016\/06\/20160602_104547-1024x1024.jpg\" alt=\"20160602_104547\" width=\"1024\" height=\"1024\" srcset=\"https:\/\/agora.xtec.cat\/ceip-falba\/wp-content\/uploads\/usu658\/2016\/06\/20160602_104547-1024x1024.jpg 1024w, https:\/\/agora.xtec.cat\/ceip-falba\/wp-content\/uploads\/usu658\/2016\/06\/20160602_104547-150x150.jpg 150w, https:\/\/agora.xtec.cat\/ceip-falba\/wp-content\/uploads\/usu658\/2016\/06\/20160602_104547-300x300.jpg 300w, https:\/\/agora.xtec.cat\/ceip-falba\/wp-content\/uploads\/usu658\/2016\/06\/20160602_104547-768x768.jpg 768w, https:\/\/agora.xtec.cat\/ceip-falba\/wp-content\/uploads\/usu658\/2016\/06\/20160602_104547.jpg 1280w\" sizes=\"auto, (max-width: 1024px) 100vw, 1024px\" \/><\/a><a href=\"http:\/\/agora.xtec.cat\/ceip-falba\/wp-content\/uploads\/usu658\/2016\/06\/20160606_1601161.jpg\" rel=\"attachment wp-att-1219\"><img loading=\"lazy\" decoding=\"async\" class=\"wp-image-1219 size-medium alignleft\" src=\"http:\/\/agora.xtec.cat\/ceip-falba\/wp-content\/uploads\/usu658\/2016\/06\/20160606_1601161-300x300.jpg\" alt=\"20160606_160116[1]\" width=\"300\" height=\"300\" srcset=\"https:\/\/agora.xtec.cat\/ceip-falba\/wp-content\/uploads\/usu658\/2016\/06\/20160606_1601161-300x300.jpg 300w, https:\/\/agora.xtec.cat\/ceip-falba\/wp-content\/uploads\/usu658\/2016\/06\/20160606_1601161-150x150.jpg 150w, https:\/\/agora.xtec.cat\/ceip-falba\/wp-content\/uploads\/usu658\/2016\/06\/20160606_1601161-768x768.jpg 768w, https:\/\/agora.xtec.cat\/ceip-falba\/wp-content\/uploads\/usu658\/2016\/06\/20160606_1601161-1024x1024.jpg 1024w, https:\/\/agora.xtec.cat\/ceip-falba\/wp-content\/uploads\/usu658\/2016\/06\/20160606_1601161.jpg 1280w\" sizes=\"auto, (max-width: 300px) 100vw, 300px\" \/><\/a><\/p>\n<p><a href=\"http:\/\/agora.xtec.cat\/ceip-falba\/wp-content\/uploads\/usu658\/2016\/06\/20160606_1610411.jpg\" rel=\"attachment wp-att-1218\"><img loading=\"lazy\" decoding=\"async\" class=\"wp-image-1218 size-medium alignright\" src=\"http:\/\/agora.xtec.cat\/ceip-falba\/wp-content\/uploads\/usu658\/2016\/06\/20160606_1610411-300x300.jpg\" alt=\"20160606_161041[1]\" width=\"300\" height=\"300\" srcset=\"https:\/\/agora.xtec.cat\/ceip-falba\/wp-content\/uploads\/usu658\/2016\/06\/20160606_1610411-300x300.jpg 300w, https:\/\/agora.xtec.cat\/ceip-falba\/wp-content\/uploads\/usu658\/2016\/06\/20160606_1610411-150x150.jpg 150w, https:\/\/agora.xtec.cat\/ceip-falba\/wp-content\/uploads\/usu658\/2016\/06\/20160606_1610411-768x768.jpg 768w, https:\/\/agora.xtec.cat\/ceip-falba\/wp-content\/uploads\/usu658\/2016\/06\/20160606_1610411-1024x1024.jpg 1024w, https:\/\/agora.xtec.cat\/ceip-falba\/wp-content\/uploads\/usu658\/2016\/06\/20160606_1610411.jpg 1280w\" sizes=\"auto, (max-width: 300px) 100vw, 300px\" \/><\/a><\/p>\n","protected":false},"excerpt":{"rendered":"<p>Amb els m\u00e9s petits de la nostra escola, comencem a fer un petit treball d&#8217;audici\u00f3 i iniciaci\u00f3 al coneixement dels instruments de petita percussi\u00f3.&hellip;  <a href=\"https:\/\/agora.xtec.cat\/ceip-falba\/infantil\/musica-instruments-i-audicio\/\" title=\"Read M\u00daSICA: Instruments i Audici\u00f3\">Llegeix m\u00e9s\u00bb<\/a><\/p>\n","protected":false},"author":1,"featured_media":1219,"comment_status":"closed","ping_status":"closed","sticky":false,"template":"","format":"standard","meta":{"_bbp_topic_count":0,"_bbp_reply_count":0,"_bbp_total_topic_count":0,"_bbp_total_reply_count":0,"_bbp_voice_count":0,"_bbp_anonymous_reply_count":0,"_bbp_topic_count_hidden":0,"_bbp_reply_count_hidden":0,"_bbp_forum_subforum_count":0,"footnotes":""},"categories":[29,3,2,34,4],"tags":[],"class_list":["post-1217","post","type-post","status-publish","format-standard","has-post-thumbnail","hentry","category-curs-2015-16","category-p3","category-infantil","category-musica","category-portada"],"post_mailing_queue_ids":[],"_links":{"self":[{"href":"https:\/\/agora.xtec.cat\/ceip-falba\/wp-json\/wp\/v2\/posts\/1217","targetHints":{"allow":["GET"]}}],"collection":[{"href":"https:\/\/agora.xtec.cat\/ceip-falba\/wp-json\/wp\/v2\/posts"}],"about":[{"href":"https:\/\/agora.xtec.cat\/ceip-falba\/wp-json\/wp\/v2\/types\/post"}],"author":[{"embeddable":true,"href":"https:\/\/agora.xtec.cat\/ceip-falba\/wp-json\/wp\/v2\/users\/1"}],"replies":[{"embeddable":true,"href":"https:\/\/agora.xtec.cat\/ceip-falba\/wp-json\/wp\/v2\/comments?post=1217"}],"version-history":[{"count":3,"href":"https:\/\/agora.xtec.cat\/ceip-falba\/wp-json\/wp\/v2\/posts\/1217\/revisions"}],"predecessor-version":[{"id":1224,"href":"https:\/\/agora.xtec.cat\/ceip-falba\/wp-json\/wp\/v2\/posts\/1217\/revisions\/1224"}],"wp:featuredmedia":[{"embeddable":true,"href":"https:\/\/agora.xtec.cat\/ceip-falba\/wp-json\/wp\/v2\/media\/1219"}],"wp:attachment":[{"href":"https:\/\/agora.xtec.cat\/ceip-falba\/wp-json\/wp\/v2\/media?parent=1217"}],"wp:term":[{"taxonomy":"category","embeddable":true,"href":"https:\/\/agora.xtec.cat\/ceip-falba\/wp-json\/wp\/v2\/categories?post=1217"},{"taxonomy":"post_tag","embeddable":true,"href":"https:\/\/agora.xtec.cat\/ceip-falba\/wp-json\/wp\/v2\/tags?post=1217"}],"curies":[{"name":"wp","href":"https:\/\/api.w.org\/{rel}","templated":true}]}}