{"id":12155,"date":"2024-02-05T12:44:58","date_gmt":"2024-02-05T11:44:58","guid":{"rendered":"https:\/\/agora.xtec.cat\/ceip-falba\/?p=12155"},"modified":"2024-03-08T17:18:44","modified_gmt":"2024-03-08T16:18:44","slug":"setmana-europea-de-prevencio-de-residus","status":"publish","type":"post","link":"https:\/\/agora.xtec.cat\/ceip-falba\/portada\/setmana-europea-de-prevencio-de-residus\/","title":{"rendered":"SETMANA EUROPEA DE PREVENCI\u00d3 DE RESIDUS"},"content":{"rendered":"<p>Durant la setmana del 22 al 26 de gener, vam realitzar diferents activitats relacionades amb la sostenibilitat. Sobretot hem treballat les 3 R: Reduir, Reutilitzar i Reciclar. Aquesta regla s\u00f3n algunes mesures per minimitzar l&#8217;impacte ambiental provocat pel consum excessiu, inconscient i irresponsable.<\/p>\n<p>Hem apr\u00e8s diferents estrat\u00e8gies per la reducci\u00f3 dels residus a trav\u00e9s de contes, pel\u00b7l\u00edcules, converses i manualitats.<\/p>\n<p>Cliqueu a l&#8217;<a href=\"https:\/\/drive.google.com\/drive\/folders\/1ZM4BVdGPu-h6dL2__mMA3GLvfLa7HtW9?usp=sharing\">enlla\u00e7<\/a> per veure un recull fotogr\u00e0fic de les activitats de conscienciaci\u00f3 que vam treballar.<\/p>\n","protected":false},"excerpt":{"rendered":"<p>Durant la setmana del 22 al 26 de gener, vam realitzar diferents activitats relacionades amb la sostenibilitat. Sobretot hem treballat les 3 R: Reduir, Reutilitzar i Reciclar. Aquesta regla s\u00f3n algunes mesures per minimitzar l&#8217;impacte ambiental provocat pel consum excessiu, inconscient i irresponsable.<br \/>\nHem apr\u00e8s diferents&hellip;  <a href=\"https:\/\/agora.xtec.cat\/ceip-falba\/portada\/setmana-europea-de-prevencio-de-residus\/\" title=\"Read SETMANA EUROPEA DE PREVENCI\u00d3 DE RESIDUS\">Llegeix m\u00e9s\u00bb<\/a><\/p>\n","protected":false},"author":109,"featured_media":12157,"comment_status":"closed","ping_status":"closed","sticky":false,"template":"","format":"standard","meta":{"_bbp_topic_count":0,"_bbp_reply_count":0,"_bbp_total_topic_count":0,"_bbp_total_reply_count":0,"_bbp_voice_count":0,"_bbp_anonymous_reply_count":0,"_bbp_topic_count_hidden":0,"_bbp_reply_count_hidden":0,"_bbp_forum_subforum_count":0,"footnotes":""},"categories":[445,442,340,490,4,272],"tags":[],"class_list":["post-12155","post","type-post","status-publish","format-standard","has-post-thumbnail","hentry","category-comunitat-gran","category-comunitat-mitjana","category-comunitat-de-petits","category-curs-2023-24","category-portada","category-sostenibilitat-planeta"],"post_mailing_queue_ids":[],"_links":{"self":[{"href":"https:\/\/agora.xtec.cat\/ceip-falba\/wp-json\/wp\/v2\/posts\/12155","targetHints":{"allow":["GET"]}}],"collection":[{"href":"https:\/\/agora.xtec.cat\/ceip-falba\/wp-json\/wp\/v2\/posts"}],"about":[{"href":"https:\/\/agora.xtec.cat\/ceip-falba\/wp-json\/wp\/v2\/types\/post"}],"author":[{"embeddable":true,"href":"https:\/\/agora.xtec.cat\/ceip-falba\/wp-json\/wp\/v2\/users\/109"}],"replies":[{"embeddable":true,"href":"https:\/\/agora.xtec.cat\/ceip-falba\/wp-json\/wp\/v2\/comments?post=12155"}],"version-history":[{"count":1,"href":"https:\/\/agora.xtec.cat\/ceip-falba\/wp-json\/wp\/v2\/posts\/12155\/revisions"}],"predecessor-version":[{"id":12158,"href":"https:\/\/agora.xtec.cat\/ceip-falba\/wp-json\/wp\/v2\/posts\/12155\/revisions\/12158"}],"wp:featuredmedia":[{"embeddable":true,"href":"https:\/\/agora.xtec.cat\/ceip-falba\/wp-json\/wp\/v2\/media\/12157"}],"wp:attachment":[{"href":"https:\/\/agora.xtec.cat\/ceip-falba\/wp-json\/wp\/v2\/media?parent=12155"}],"wp:term":[{"taxonomy":"category","embeddable":true,"href":"https:\/\/agora.xtec.cat\/ceip-falba\/wp-json\/wp\/v2\/categories?post=12155"},{"taxonomy":"post_tag","embeddable":true,"href":"https:\/\/agora.xtec.cat\/ceip-falba\/wp-json\/wp\/v2\/tags?post=12155"}],"curies":[{"name":"wp","href":"https:\/\/api.w.org\/{rel}","templated":true}]}}