{"id":12138,"date":"2024-02-08T12:56:56","date_gmt":"2024-02-08T11:56:56","guid":{"rendered":"https:\/\/agora.xtec.cat\/ceip-falba\/?p=12138"},"modified":"2024-02-09T01:07:45","modified_gmt":"2024-02-09T00:07:45","slug":"entre-llibres-i-companys","status":"publish","type":"post","link":"https:\/\/agora.xtec.cat\/ceip-falba\/general\/entre-llibres-i-companys\/","title":{"rendered":"ENTRE LLIBRES I COMPANYS\/ES&#8230;"},"content":{"rendered":"<p>&nbsp;<\/p>\n<p>Hola a tothom!<\/p>\n<p>Som la Noelia i l&#8217;Ainhoa, dues alumnes de 6\u00e8A, i us volem explicar que\u00a0 ens ho passem genial durant el temps l\u00fadic de lectura al pati de l&#8217;escola, \u00e9s el temps de \u201cBIBLIOPATI\u201d!<\/p>\n<p>Veure els m\u00e9s petits immersos en els seus llibres \u00e9s incre\u00efble, i el millor de tot, \u00e9s que nosaltres dues, tamb\u00e9 hem compartit aquest moment amb ells i elles.<\/p>\n<p>Ens vam relaxar llegint, compartint hist\u00f2ries i va ser un ambient tranquil i agradable. Gr\u00e0cies als nens i nenes de la comunitat petita per ser tan macos i fer que aquest moment de lectura al pati sigui encara millor.<\/p>\n<p>La nostra escola sempre t\u00e9 alguna cosa \u00fanica per oferir-nos.<\/p>\n<p>Ainhoa i Noelia, alumnes de 6\u00e8A.\ud83d\udcda\ud83d\ude0a<\/p>\n","protected":false},"excerpt":{"rendered":"<p>Descobrim l&#8217;encant de llegir al pati, la BIBLIOPATI, una biblioteca a l&#8217;aire lliure.&#8221;&hellip;  <a href=\"https:\/\/agora.xtec.cat\/ceip-falba\/general\/entre-llibres-i-companys\/\" title=\"Read ENTRE LLIBRES I COMPANYS\/ES&#8230;\">Llegeix m\u00e9s\u00bb<\/a><\/p>\n","protected":false},"author":1,"featured_media":12143,"comment_status":"closed","ping_status":"closed","sticky":false,"template":"","format":"standard","meta":{"_bbp_topic_count":0,"_bbp_reply_count":0,"_bbp_total_topic_count":0,"_bbp_total_reply_count":0,"_bbp_voice_count":0,"_bbp_anonymous_reply_count":0,"_bbp_topic_count_hidden":0,"_bbp_reply_count_hidden":0,"_bbp_forum_subforum_count":0,"footnotes":""},"categories":[15,501,466,445,490,1,2,360,4,5,25],"tags":[],"class_list":["post-12138","post","type-post","status-publish","format-standard","has-post-thumbnail","hentry","category-6e","category-bibliopati","category-biblioteca","category-comunitat-gran","category-curs-2023-24","category-general","category-infantil","category-llegim","category-portada","category-primaria","category-projectesescola"],"post_mailing_queue_ids":[],"_links":{"self":[{"href":"https:\/\/agora.xtec.cat\/ceip-falba\/wp-json\/wp\/v2\/posts\/12138","targetHints":{"allow":["GET"]}}],"collection":[{"href":"https:\/\/agora.xtec.cat\/ceip-falba\/wp-json\/wp\/v2\/posts"}],"about":[{"href":"https:\/\/agora.xtec.cat\/ceip-falba\/wp-json\/wp\/v2\/types\/post"}],"author":[{"embeddable":true,"href":"https:\/\/agora.xtec.cat\/ceip-falba\/wp-json\/wp\/v2\/users\/1"}],"replies":[{"embeddable":true,"href":"https:\/\/agora.xtec.cat\/ceip-falba\/wp-json\/wp\/v2\/comments?post=12138"}],"version-history":[{"count":4,"href":"https:\/\/agora.xtec.cat\/ceip-falba\/wp-json\/wp\/v2\/posts\/12138\/revisions"}],"predecessor-version":[{"id":12148,"href":"https:\/\/agora.xtec.cat\/ceip-falba\/wp-json\/wp\/v2\/posts\/12138\/revisions\/12148"}],"wp:featuredmedia":[{"embeddable":true,"href":"https:\/\/agora.xtec.cat\/ceip-falba\/wp-json\/wp\/v2\/media\/12143"}],"wp:attachment":[{"href":"https:\/\/agora.xtec.cat\/ceip-falba\/wp-json\/wp\/v2\/media?parent=12138"}],"wp:term":[{"taxonomy":"category","embeddable":true,"href":"https:\/\/agora.xtec.cat\/ceip-falba\/wp-json\/wp\/v2\/categories?post=12138"},{"taxonomy":"post_tag","embeddable":true,"href":"https:\/\/agora.xtec.cat\/ceip-falba\/wp-json\/wp\/v2\/tags?post=12138"}],"curies":[{"name":"wp","href":"https:\/\/api.w.org\/{rel}","templated":true}]}}