{"id":1212,"date":"2016-06-07T12:11:03","date_gmt":"2016-06-07T11:11:03","guid":{"rendered":"http:\/\/agora.xtec.cat\/ceip-falba\/?p=1212"},"modified":"2016-06-07T13:32:25","modified_gmt":"2016-06-07T12:32:25","slug":"jornades-musicals","status":"publish","type":"post","link":"https:\/\/agora.xtec.cat\/ceip-falba\/general\/jornades-musicals\/","title":{"rendered":"M\u00daSICA: Jornades Musicals"},"content":{"rendered":"<p>Els nens i nenes m\u00e9s grans de l&#8217;escola estan treballant i donant a con\u00e8ixer els seus\u00a0gustos musicals i, per aquest motiu, hem dut a terme les <strong>Jornades Musicals<\/strong> on, per grups cooperatius, cadascun d&#8217;ells ha fet un treball de recerca del seu grup o can\u00e7\u00f3 preferida.<\/p>\n<p>Tota la informaci\u00f3 seleccionada, recollida i valorada s&#8217;ha exposat mitjan\u00e7ant una presentaci\u00f3 online (al DRIVE). Els companys i companyes de la classe, a la vegada, han valorat cadascuna de les presentacions i estem molt contents, tant del resultat, com de totes les aportacions musicals.<\/p>\n<p><a href=\"http:\/\/agora.xtec.cat\/ceip-falba\/wp-content\/uploads\/usu658\/2016\/06\/20160606_1126591.jpg\" rel=\"attachment wp-att-1214\"><img loading=\"lazy\" decoding=\"async\" class=\"size-large wp-image-1214 alignnone\" src=\"http:\/\/agora.xtec.cat\/ceip-falba\/wp-content\/uploads\/usu658\/2016\/06\/20160606_1126591-1024x1024.jpg\" alt=\"20160606_112659[1]\" width=\"1024\" height=\"1024\" srcset=\"https:\/\/agora.xtec.cat\/ceip-falba\/wp-content\/uploads\/usu658\/2016\/06\/20160606_1126591-1024x1024.jpg 1024w, https:\/\/agora.xtec.cat\/ceip-falba\/wp-content\/uploads\/usu658\/2016\/06\/20160606_1126591-150x150.jpg 150w, https:\/\/agora.xtec.cat\/ceip-falba\/wp-content\/uploads\/usu658\/2016\/06\/20160606_1126591-300x300.jpg 300w, https:\/\/agora.xtec.cat\/ceip-falba\/wp-content\/uploads\/usu658\/2016\/06\/20160606_1126591-768x768.jpg 768w, https:\/\/agora.xtec.cat\/ceip-falba\/wp-content\/uploads\/usu658\/2016\/06\/20160606_1126591.jpg 1280w\" sizes=\"auto, (max-width: 1024px) 100vw, 1024px\" \/><\/a><\/p>\n","protected":false},"excerpt":{"rendered":"<p>Els nens i nenes m\u00e9s grans de l&#8217;escola estan treballant i donant a con\u00e8ixer els seus gustos musicals i, per aquest motiu, hem dut a terme les Jornades Musicals.&hellip;  <a href=\"https:\/\/agora.xtec.cat\/ceip-falba\/general\/jornades-musicals\/\" title=\"Read M\u00daSICA: Jornades Musicals\">Llegeix m\u00e9s\u00bb<\/a><\/p>\n","protected":false},"author":1,"featured_media":1214,"comment_status":"closed","ping_status":"closed","sticky":false,"template":"","format":"standard","meta":{"_bbp_topic_count":0,"_bbp_reply_count":0,"_bbp_total_topic_count":0,"_bbp_total_reply_count":0,"_bbp_voice_count":0,"_bbp_anonymous_reply_count":0,"_bbp_topic_count_hidden":0,"_bbp_reply_count_hidden":0,"_bbp_forum_subforum_count":0,"footnotes":""},"categories":[15,29,1,34,4],"tags":[],"class_list":["post-1212","post","type-post","status-publish","format-standard","has-post-thumbnail","hentry","category-6e","category-curs-2015-16","category-general","category-musica","category-portada"],"post_mailing_queue_ids":[],"_links":{"self":[{"href":"https:\/\/agora.xtec.cat\/ceip-falba\/wp-json\/wp\/v2\/posts\/1212","targetHints":{"allow":["GET"]}}],"collection":[{"href":"https:\/\/agora.xtec.cat\/ceip-falba\/wp-json\/wp\/v2\/posts"}],"about":[{"href":"https:\/\/agora.xtec.cat\/ceip-falba\/wp-json\/wp\/v2\/types\/post"}],"author":[{"embeddable":true,"href":"https:\/\/agora.xtec.cat\/ceip-falba\/wp-json\/wp\/v2\/users\/1"}],"replies":[{"embeddable":true,"href":"https:\/\/agora.xtec.cat\/ceip-falba\/wp-json\/wp\/v2\/comments?post=1212"}],"version-history":[{"count":3,"href":"https:\/\/agora.xtec.cat\/ceip-falba\/wp-json\/wp\/v2\/posts\/1212\/revisions"}],"predecessor-version":[{"id":1225,"href":"https:\/\/agora.xtec.cat\/ceip-falba\/wp-json\/wp\/v2\/posts\/1212\/revisions\/1225"}],"wp:featuredmedia":[{"embeddable":true,"href":"https:\/\/agora.xtec.cat\/ceip-falba\/wp-json\/wp\/v2\/media\/1214"}],"wp:attachment":[{"href":"https:\/\/agora.xtec.cat\/ceip-falba\/wp-json\/wp\/v2\/media?parent=1212"}],"wp:term":[{"taxonomy":"category","embeddable":true,"href":"https:\/\/agora.xtec.cat\/ceip-falba\/wp-json\/wp\/v2\/categories?post=1212"},{"taxonomy":"post_tag","embeddable":true,"href":"https:\/\/agora.xtec.cat\/ceip-falba\/wp-json\/wp\/v2\/tags?post=1212"}],"curies":[{"name":"wp","href":"https:\/\/api.w.org\/{rel}","templated":true}]}}