{"id":12093,"date":"2024-01-29T19:51:41","date_gmt":"2024-01-29T18:51:41","guid":{"rendered":"https:\/\/agora.xtec.cat\/ceip-falba\/?p=12093"},"modified":"2024-01-29T19:51:41","modified_gmt":"2024-01-29T18:51:41","slug":"i3-gener-daniversaris","status":"publish","type":"post","link":"https:\/\/agora.xtec.cat\/ceip-falba\/infantil\/i3-gener-daniversaris\/","title":{"rendered":"I3- Gener d&#8217;Aniversaris"},"content":{"rendered":"<p>Les m\u00e9s grans de la classe dels Conills ja han fet anys aquest gener! Ja s\u00f3n 4! MOLTISS\u00cdMES FELICITATS NOA, PHILOMENE I AMINA! \ud83c\udf88\ud83e\udd29<\/p>\n<p>Hem celebrat aquests aniversaris a l&#8217;aula amb tots els companys\/es. Han bufat les espelmes, hem fet una festa i hem ballat i rigut molt! Aqu\u00ed us deixo les fotos:<\/p>\n<p><a href=\"https:\/\/drive.google.com\/drive\/folders\/15l8NMLxLGaaHvzWz7Eu6nRF7jxVnj2cl?usp=drive_link\">FOTOS AQU\u00cd\u00a0<\/a><\/p>\n<p><a href=\"https:\/\/agora.xtec.cat\/ceip-falba\/wp-content\/uploads\/usu658\/2024\/01\/IMG_6037.jpg\"><img loading=\"lazy\" decoding=\"async\" class=\"alignnone size-large wp-image-12094\" src=\"https:\/\/agora.xtec.cat\/ceip-falba\/wp-content\/uploads\/usu658\/2024\/01\/IMG_6037-576x1024.jpg\" alt=\"\" width=\"576\" height=\"1024\" srcset=\"https:\/\/agora.xtec.cat\/ceip-falba\/wp-content\/uploads\/usu658\/2024\/01\/IMG_6037-576x1024.jpg 576w, https:\/\/agora.xtec.cat\/ceip-falba\/wp-content\/uploads\/usu658\/2024\/01\/IMG_6037-169x300.jpg 169w, https:\/\/agora.xtec.cat\/ceip-falba\/wp-content\/uploads\/usu658\/2024\/01\/IMG_6037-768x1365.jpg 768w, https:\/\/agora.xtec.cat\/ceip-falba\/wp-content\/uploads\/usu658\/2024\/01\/IMG_6037-864x1536.jpg 864w, https:\/\/agora.xtec.cat\/ceip-falba\/wp-content\/uploads\/usu658\/2024\/01\/IMG_6037.jpg 1000w\" sizes=\"auto, (max-width: 576px) 100vw, 576px\" \/><\/a><\/p>\n","protected":false},"excerpt":{"rendered":"<p>Les m\u00e9s grans de la classe dels Conills ja han fet anys aquest gener! Ja s\u00f3n 4! MOLTISS\u00cdMES FELICITATS NOA, PHILOMENE I AMINA! \ud83c\udf88\ud83e\udd29<br \/>\nHem celebrat aquests aniversaris a l&#8217;aula amb tots els companys\/es. Han bufat les espelmes, hem fet una festa i hem ballat i&hellip;  <a href=\"https:\/\/agora.xtec.cat\/ceip-falba\/infantil\/i3-gener-daniversaris\/\" title=\"Read I3- Gener d&#8217;Aniversaris\">Llegeix m\u00e9s\u00bb<\/a><\/p>\n","protected":false},"author":71,"featured_media":12095,"comment_status":"closed","ping_status":"closed","sticky":false,"template":"","format":"standard","meta":{"_bbp_topic_count":0,"_bbp_reply_count":0,"_bbp_total_topic_count":0,"_bbp_total_reply_count":0,"_bbp_voice_count":0,"_bbp_anonymous_reply_count":0,"_bbp_topic_count_hidden":0,"_bbp_reply_count_hidden":0,"_bbp_forum_subforum_count":0,"footnotes":""},"categories":[340,490,3,2,4],"tags":[],"class_list":["post-12093","post","type-post","status-publish","format-standard","has-post-thumbnail","hentry","category-comunitat-de-petits","category-curs-2023-24","category-p3","category-infantil","category-portada"],"post_mailing_queue_ids":[],"_links":{"self":[{"href":"https:\/\/agora.xtec.cat\/ceip-falba\/wp-json\/wp\/v2\/posts\/12093","targetHints":{"allow":["GET"]}}],"collection":[{"href":"https:\/\/agora.xtec.cat\/ceip-falba\/wp-json\/wp\/v2\/posts"}],"about":[{"href":"https:\/\/agora.xtec.cat\/ceip-falba\/wp-json\/wp\/v2\/types\/post"}],"author":[{"embeddable":true,"href":"https:\/\/agora.xtec.cat\/ceip-falba\/wp-json\/wp\/v2\/users\/71"}],"replies":[{"embeddable":true,"href":"https:\/\/agora.xtec.cat\/ceip-falba\/wp-json\/wp\/v2\/comments?post=12093"}],"version-history":[{"count":1,"href":"https:\/\/agora.xtec.cat\/ceip-falba\/wp-json\/wp\/v2\/posts\/12093\/revisions"}],"predecessor-version":[{"id":12096,"href":"https:\/\/agora.xtec.cat\/ceip-falba\/wp-json\/wp\/v2\/posts\/12093\/revisions\/12096"}],"wp:featuredmedia":[{"embeddable":true,"href":"https:\/\/agora.xtec.cat\/ceip-falba\/wp-json\/wp\/v2\/media\/12095"}],"wp:attachment":[{"href":"https:\/\/agora.xtec.cat\/ceip-falba\/wp-json\/wp\/v2\/media?parent=12093"}],"wp:term":[{"taxonomy":"category","embeddable":true,"href":"https:\/\/agora.xtec.cat\/ceip-falba\/wp-json\/wp\/v2\/categories?post=12093"},{"taxonomy":"post_tag","embeddable":true,"href":"https:\/\/agora.xtec.cat\/ceip-falba\/wp-json\/wp\/v2\/tags?post=12093"}],"curies":[{"name":"wp","href":"https:\/\/api.w.org\/{rel}","templated":true}]}}