{"id":1208,"date":"2016-06-07T15:53:55","date_gmt":"2016-06-07T14:53:55","guid":{"rendered":"http:\/\/agora.xtec.cat\/ceip-falba\/?p=1208"},"modified":"2016-06-07T15:54:52","modified_gmt":"2016-06-07T14:54:52","slug":"fi-de-les-extraescolars","status":"publish","type":"post","link":"https:\/\/agora.xtec.cat\/ceip-falba\/general\/fi-de-les-extraescolars\/","title":{"rendered":"Fi de les extraescolars"},"content":{"rendered":"<p>La passada setmana van ser els darrers dies que els nens i nenes de l&#8217;escola van fer extraescolars. Per acomiadar-nos de les activitats que hem estat fent al llarg del curs, multiesport i hip-hop, vam organitzar una guerra d&#8217;aigua i un berenar per a la canalla. Malgrat que el temps no va acabar d&#8217;acompanyar, els nens s&#8217;ho van passar d&#8217;all\u00f2 m\u00e9s b\u00e9. Us deixem alguna foto per a que veieu com van gaudir!<\/p>\n<p>&nbsp;<\/p>\n\n<p>&nbsp;<\/p>\n<p>&nbsp;<\/p>\n","protected":false},"excerpt":{"rendered":"<p>Fi de les extraescolars amb guerra d&#8217;aigua i berenar&hellip;  <a href=\"https:\/\/agora.xtec.cat\/ceip-falba\/general\/fi-de-les-extraescolars\/\" title=\"Read Fi de les extraescolars\">Llegeix m\u00e9s\u00bb<\/a><\/p>\n","protected":false},"author":6,"featured_media":1227,"comment_status":"closed","ping_status":"closed","sticky":false,"template":"","format":"standard","meta":{"_bbp_topic_count":0,"_bbp_reply_count":0,"_bbp_total_topic_count":0,"_bbp_total_reply_count":0,"_bbp_voice_count":0,"_bbp_anonymous_reply_count":0,"_bbp_topic_count_hidden":0,"_bbp_reply_count_hidden":0,"_bbp_forum_subforum_count":0,"footnotes":""},"categories":[7,29,35,1,4],"tags":[39,105,99,104],"class_list":["post-1208","post","type-post","status-publish","format-standard","has-post-thumbnail","hentry","category-ampa","category-curs-2015-16","category-festes","category-general","category-portada","tag-ampa","tag-berenar","tag-festa","tag-guerra-daigua"],"post_mailing_queue_ids":[],"_links":{"self":[{"href":"https:\/\/agora.xtec.cat\/ceip-falba\/wp-json\/wp\/v2\/posts\/1208","targetHints":{"allow":["GET"]}}],"collection":[{"href":"https:\/\/agora.xtec.cat\/ceip-falba\/wp-json\/wp\/v2\/posts"}],"about":[{"href":"https:\/\/agora.xtec.cat\/ceip-falba\/wp-json\/wp\/v2\/types\/post"}],"author":[{"embeddable":true,"href":"https:\/\/agora.xtec.cat\/ceip-falba\/wp-json\/wp\/v2\/users\/6"}],"replies":[{"embeddable":true,"href":"https:\/\/agora.xtec.cat\/ceip-falba\/wp-json\/wp\/v2\/comments?post=1208"}],"version-history":[{"count":3,"href":"https:\/\/agora.xtec.cat\/ceip-falba\/wp-json\/wp\/v2\/posts\/1208\/revisions"}],"predecessor-version":[{"id":1235,"href":"https:\/\/agora.xtec.cat\/ceip-falba\/wp-json\/wp\/v2\/posts\/1208\/revisions\/1235"}],"wp:featuredmedia":[{"embeddable":true,"href":"https:\/\/agora.xtec.cat\/ceip-falba\/wp-json\/wp\/v2\/media\/1227"}],"wp:attachment":[{"href":"https:\/\/agora.xtec.cat\/ceip-falba\/wp-json\/wp\/v2\/media?parent=1208"}],"wp:term":[{"taxonomy":"category","embeddable":true,"href":"https:\/\/agora.xtec.cat\/ceip-falba\/wp-json\/wp\/v2\/categories?post=1208"},{"taxonomy":"post_tag","embeddable":true,"href":"https:\/\/agora.xtec.cat\/ceip-falba\/wp-json\/wp\/v2\/tags?post=1208"}],"curies":[{"name":"wp","href":"https:\/\/api.w.org\/{rel}","templated":true}]}}