{"id":12000,"date":"2023-12-20T13:14:35","date_gmt":"2023-12-20T12:14:35","guid":{"rendered":"https:\/\/agora.xtec.cat\/ceip-falba\/?p=12000"},"modified":"2023-12-20T13:14:35","modified_gmt":"2023-12-20T12:14:35","slug":"ultim-dia-de-trimestre-2023","status":"publish","type":"post","link":"https:\/\/agora.xtec.cat\/ceip-falba\/general\/ultim-dia-de-trimestre-2023\/","title":{"rendered":"\u00daltim dia de trimestre 2023"},"content":{"rendered":"<p>La comunitat mitjana ha marcat l&#8217;\u00faltim dia abans de les vacances de Nadal amb una celebraci\u00f3 plena de tradici\u00f3 i alegria. Amb rialles i somriures, hem compartit moments inoblidables fent cagar el ti\u00f3 i gaudint de deliciosa xocolata desfeta.<\/p>\n<p>Per reviure aquests instants \u00fanics, us convidem a veure algunes imatges que capturen l&#8217;ess\u00e8ncia m\u00e0gica d&#8217;aquesta jornada. Feu clic a<a href=\"https:\/\/drive.google.com\/drive\/folders\/1vFvERxjNVeWqFONv5k5gJq9SVAB7_krW\"> l&#8217;enlla\u00e7<\/a> seg\u00fcent per explorar els records compartits amb tota la comunitat.<\/p>\n<p>&nbsp;<\/p>\n","protected":false},"excerpt":{"rendered":"<p>La comunitat mitjana ha marcat l&#8217;\u00faltim dia abans de les vacances de Nadal amb una celebraci\u00f3 plena de tradici\u00f3 i alegria. Amb rialles i somriures, hem compartit moments inoblidables fent cagar el ti\u00f3 i gaudint de deliciosa xocolata desfeta.<br \/>\nPer reviure aquests instants \u00fanics, us convidem&hellip;  <a href=\"https:\/\/agora.xtec.cat\/ceip-falba\/general\/ultim-dia-de-trimestre-2023\/\" title=\"Read \u00daltim dia de trimestre 2023\">Llegeix m\u00e9s\u00bb<\/a><\/p>\n","protected":false},"author":24,"featured_media":12001,"comment_status":"closed","ping_status":"closed","sticky":false,"template":"","format":"standard","meta":{"_bbp_topic_count":0,"_bbp_reply_count":0,"_bbp_total_topic_count":0,"_bbp_total_reply_count":0,"_bbp_voice_count":0,"_bbp_anonymous_reply_count":0,"_bbp_topic_count_hidden":0,"_bbp_reply_count_hidden":0,"_bbp_forum_subforum_count":0,"footnotes":""},"categories":[442,490,35,1,157,4],"tags":[],"class_list":["post-12000","post","type-post","status-publish","format-standard","has-post-thumbnail","hentry","category-comunitat-mitjana","category-curs-2023-24","category-festes","category-general","category-nadal","category-portada"],"post_mailing_queue_ids":[],"_links":{"self":[{"href":"https:\/\/agora.xtec.cat\/ceip-falba\/wp-json\/wp\/v2\/posts\/12000","targetHints":{"allow":["GET"]}}],"collection":[{"href":"https:\/\/agora.xtec.cat\/ceip-falba\/wp-json\/wp\/v2\/posts"}],"about":[{"href":"https:\/\/agora.xtec.cat\/ceip-falba\/wp-json\/wp\/v2\/types\/post"}],"author":[{"embeddable":true,"href":"https:\/\/agora.xtec.cat\/ceip-falba\/wp-json\/wp\/v2\/users\/24"}],"replies":[{"embeddable":true,"href":"https:\/\/agora.xtec.cat\/ceip-falba\/wp-json\/wp\/v2\/comments?post=12000"}],"version-history":[{"count":1,"href":"https:\/\/agora.xtec.cat\/ceip-falba\/wp-json\/wp\/v2\/posts\/12000\/revisions"}],"predecessor-version":[{"id":12002,"href":"https:\/\/agora.xtec.cat\/ceip-falba\/wp-json\/wp\/v2\/posts\/12000\/revisions\/12002"}],"wp:featuredmedia":[{"embeddable":true,"href":"https:\/\/agora.xtec.cat\/ceip-falba\/wp-json\/wp\/v2\/media\/12001"}],"wp:attachment":[{"href":"https:\/\/agora.xtec.cat\/ceip-falba\/wp-json\/wp\/v2\/media?parent=12000"}],"wp:term":[{"taxonomy":"category","embeddable":true,"href":"https:\/\/agora.xtec.cat\/ceip-falba\/wp-json\/wp\/v2\/categories?post=12000"},{"taxonomy":"post_tag","embeddable":true,"href":"https:\/\/agora.xtec.cat\/ceip-falba\/wp-json\/wp\/v2\/tags?post=12000"}],"curies":[{"name":"wp","href":"https:\/\/api.w.org\/{rel}","templated":true}]}}