{"id":11988,"date":"2023-12-19T16:56:58","date_gmt":"2023-12-19T15:56:58","guid":{"rendered":"https:\/\/agora.xtec.cat\/ceip-falba\/?p=11988"},"modified":"2023-12-19T16:56:58","modified_gmt":"2023-12-19T15:56:58","slug":"postals-de-nadal-2023","status":"publish","type":"post","link":"https:\/\/agora.xtec.cat\/ceip-falba\/general\/postals-de-nadal-2023\/","title":{"rendered":"Postals de Nadal 2023"},"content":{"rendered":"<p><a href=\"https:\/\/youtu.be\/m8QFg_HWkPY\">Un any m\u00e9s us presentem les postals guanyadores de l&#8217;Escola Font de l&#8217;Alba. El v\u00eddeo ens ho ha preparat, com ja \u00e9s habitual, el Biel, un exalumne de l&#8217;escola. <\/a><\/p>\n<p><a href=\"https:\/\/youtu.be\/m8QFg_HWkPY\">Moltes gr\u00e0cies Biel!<\/a><\/p>\n<p><a href=\"https:\/\/agora.xtec.cat\/ceip-falba\/wp-content\/uploads\/usu658\/2023\/12\/POSTALS-PORTADA.jpg\"><img loading=\"lazy\" decoding=\"async\" class=\"alignnone size-large wp-image-11989\" src=\"https:\/\/agora.xtec.cat\/ceip-falba\/wp-content\/uploads\/usu658\/2023\/12\/POSTALS-PORTADA-1024x581.jpg\" alt=\"\" width=\"1024\" height=\"581\" srcset=\"https:\/\/agora.xtec.cat\/ceip-falba\/wp-content\/uploads\/usu658\/2023\/12\/POSTALS-PORTADA-1024x581.jpg 1024w, https:\/\/agora.xtec.cat\/ceip-falba\/wp-content\/uploads\/usu658\/2023\/12\/POSTALS-PORTADA-300x170.jpg 300w, https:\/\/agora.xtec.cat\/ceip-falba\/wp-content\/uploads\/usu658\/2023\/12\/POSTALS-PORTADA-768x436.jpg 768w, https:\/\/agora.xtec.cat\/ceip-falba\/wp-content\/uploads\/usu658\/2023\/12\/POSTALS-PORTADA-1536x872.jpg 1536w, https:\/\/agora.xtec.cat\/ceip-falba\/wp-content\/uploads\/usu658\/2023\/12\/POSTALS-PORTADA-2048x1163.jpg 2048w\" sizes=\"auto, (max-width: 1024px) 100vw, 1024px\" \/><\/a><\/p>\n","protected":false},"excerpt":{"rendered":"<p><a href=\"https:\/\/youtu.be\/m8QFg_HWkPY\">Un any m\u00e9s us presentem les postals guanyadores de l&#8217;Escola Font de l&#8217;Alba. El v\u00eddeo ens ho ha preparat, com ja \u00e9s habitual, el Biel, un exalumne de l&#8217;escola. <\/a><br \/>\n<a href=\"https:\/\/youtu.be\/m8QFg_HWkPY\">Moltes gr\u00e0cies Biel!<\/a><br \/>\n<a href=\"https:\/\/agora.xtec.cat\/ceip-falba\/wp-content\/uploads\/usu658\/2023\/12\/POSTALS-PORTADA.jpg\"><\/a><\/p>\n","protected":false},"author":20,"featured_media":11989,"comment_status":"closed","ping_status":"closed","sticky":false,"template":"","format":"standard","meta":{"_bbp_topic_count":0,"_bbp_reply_count":0,"_bbp_total_topic_count":0,"_bbp_total_reply_count":0,"_bbp_voice_count":0,"_bbp_anonymous_reply_count":0,"_bbp_topic_count_hidden":0,"_bbp_reply_count_hidden":0,"_bbp_forum_subforum_count":0,"footnotes":""},"categories":[445,442,340,490,35,1,157,4],"tags":[],"class_list":["post-11988","post","type-post","status-publish","format-standard","has-post-thumbnail","hentry","category-comunitat-gran","category-comunitat-mitjana","category-comunitat-de-petits","category-curs-2023-24","category-festes","category-general","category-nadal","category-portada"],"post_mailing_queue_ids":[],"_links":{"self":[{"href":"https:\/\/agora.xtec.cat\/ceip-falba\/wp-json\/wp\/v2\/posts\/11988","targetHints":{"allow":["GET"]}}],"collection":[{"href":"https:\/\/agora.xtec.cat\/ceip-falba\/wp-json\/wp\/v2\/posts"}],"about":[{"href":"https:\/\/agora.xtec.cat\/ceip-falba\/wp-json\/wp\/v2\/types\/post"}],"author":[{"embeddable":true,"href":"https:\/\/agora.xtec.cat\/ceip-falba\/wp-json\/wp\/v2\/users\/20"}],"replies":[{"embeddable":true,"href":"https:\/\/agora.xtec.cat\/ceip-falba\/wp-json\/wp\/v2\/comments?post=11988"}],"version-history":[{"count":2,"href":"https:\/\/agora.xtec.cat\/ceip-falba\/wp-json\/wp\/v2\/posts\/11988\/revisions"}],"predecessor-version":[{"id":11991,"href":"https:\/\/agora.xtec.cat\/ceip-falba\/wp-json\/wp\/v2\/posts\/11988\/revisions\/11991"}],"wp:featuredmedia":[{"embeddable":true,"href":"https:\/\/agora.xtec.cat\/ceip-falba\/wp-json\/wp\/v2\/media\/11989"}],"wp:attachment":[{"href":"https:\/\/agora.xtec.cat\/ceip-falba\/wp-json\/wp\/v2\/media?parent=11988"}],"wp:term":[{"taxonomy":"category","embeddable":true,"href":"https:\/\/agora.xtec.cat\/ceip-falba\/wp-json\/wp\/v2\/categories?post=11988"},{"taxonomy":"post_tag","embeddable":true,"href":"https:\/\/agora.xtec.cat\/ceip-falba\/wp-json\/wp\/v2\/tags?post=11988"}],"curies":[{"name":"wp","href":"https:\/\/api.w.org\/{rel}","templated":true}]}}