{"id":11773,"date":"2023-11-17T15:59:32","date_gmt":"2023-11-17T14:59:32","guid":{"rendered":"https:\/\/agora.xtec.cat\/ceip-falba\/?p=11773"},"modified":"2023-11-24T17:01:50","modified_gmt":"2023-11-24T16:01:50","slug":"parlem-de-big-data-amb-el-luis","status":"publish","type":"post","link":"https:\/\/agora.xtec.cat\/ceip-falba\/portada\/parlem-de-big-data-amb-el-luis\/","title":{"rendered":"Parlem de Big Data amb el Luis!"},"content":{"rendered":"<p>Avui us portem una entrevista molt interessant que li vam fer a en Luis, enginyer en sistemes i pare de la nostra escola. En aquest espai de Font TV on podem parlar i escoltar tranquil\u00b7lament de temes molt diferents, aprendrem una mica m\u00e9s d&#8217;Argentina, pa\u00eds d&#8217;origen d&#8217;en Luis i tamb\u00e9 de la seva feina, el que fa un temps anem escoltant molt\u00a0 a la societat com a &#8220;Big Data&#8221;, \u00e9s a dir, la gesti\u00f3 d&#8217;accedir i emmagatzemar les dades d&#8217;una empresa per analitzar-les i prendre decisions importants.<\/p>\n<p>Com s&#8217;ho ha fet el Luis per explicar-nos tan b\u00e9 aquests processos, una mica dif\u00edcils d&#8217;entendre&#8217;ls?<\/p>\n<p>Mireu el nostre v\u00eddeo i aix\u00ed no us perdreu cadascuna de les respostes plenes de curiositat com rellevants pel nostre dia a dia.<\/p>\n<p style=\"text-align: center;\"><iframe loading=\"lazy\" src=\"\/\/www.youtube.com\/embed\/GPRGu9M2ZjM\" width=\"560\" height=\"314\" allowfullscreen=\"allowfullscreen\"><\/iframe><\/p>\n<p style=\"text-align: center;\">Ens veiem al seg\u00fcent programa de Font TV!<\/p>\n<p>&nbsp;<\/p>\n","protected":false},"excerpt":{"rendered":"<p>Avui us portem una entrevista molt interessant que li vam fer a en Luis, enginyer en sistemes i pare de la nostra escola.&hellip;  <a href=\"https:\/\/agora.xtec.cat\/ceip-falba\/portada\/parlem-de-big-data-amb-el-luis\/\" title=\"Read Parlem de Big Data amb el Luis!\">Llegeix m\u00e9s\u00bb<\/a><\/p>\n","protected":false},"author":92,"featured_media":11774,"comment_status":"closed","ping_status":"closed","sticky":false,"template":"","format":"standard","meta":{"_bbp_topic_count":0,"_bbp_reply_count":0,"_bbp_total_topic_count":0,"_bbp_total_reply_count":0,"_bbp_voice_count":0,"_bbp_anonymous_reply_count":0,"_bbp_topic_count_hidden":0,"_bbp_reply_count_hidden":0,"_bbp_forum_subforum_count":0,"footnotes":""},"categories":[15,490,26,4],"tags":[242,19,497,150,282],"class_list":["post-11773","post","type-post","status-publish","format-standard","has-post-thumbnail","hentry","category-6e","category-curs-2023-24","category-fonttv","category-portada","tag-afa","tag-audiovisuals","tag-big-data","tag-escola-font-de-lalba","tag-font-tv"],"post_mailing_queue_ids":[],"_links":{"self":[{"href":"https:\/\/agora.xtec.cat\/ceip-falba\/wp-json\/wp\/v2\/posts\/11773","targetHints":{"allow":["GET"]}}],"collection":[{"href":"https:\/\/agora.xtec.cat\/ceip-falba\/wp-json\/wp\/v2\/posts"}],"about":[{"href":"https:\/\/agora.xtec.cat\/ceip-falba\/wp-json\/wp\/v2\/types\/post"}],"author":[{"embeddable":true,"href":"https:\/\/agora.xtec.cat\/ceip-falba\/wp-json\/wp\/v2\/users\/92"}],"replies":[{"embeddable":true,"href":"https:\/\/agora.xtec.cat\/ceip-falba\/wp-json\/wp\/v2\/comments?post=11773"}],"version-history":[{"count":3,"href":"https:\/\/agora.xtec.cat\/ceip-falba\/wp-json\/wp\/v2\/posts\/11773\/revisions"}],"predecessor-version":[{"id":11791,"href":"https:\/\/agora.xtec.cat\/ceip-falba\/wp-json\/wp\/v2\/posts\/11773\/revisions\/11791"}],"wp:featuredmedia":[{"embeddable":true,"href":"https:\/\/agora.xtec.cat\/ceip-falba\/wp-json\/wp\/v2\/media\/11774"}],"wp:attachment":[{"href":"https:\/\/agora.xtec.cat\/ceip-falba\/wp-json\/wp\/v2\/media?parent=11773"}],"wp:term":[{"taxonomy":"category","embeddable":true,"href":"https:\/\/agora.xtec.cat\/ceip-falba\/wp-json\/wp\/v2\/categories?post=11773"},{"taxonomy":"post_tag","embeddable":true,"href":"https:\/\/agora.xtec.cat\/ceip-falba\/wp-json\/wp\/v2\/tags?post=11773"}],"curies":[{"name":"wp","href":"https:\/\/api.w.org\/{rel}","templated":true}]}}