{"id":11754,"date":"2023-11-13T12:35:55","date_gmt":"2023-11-13T11:35:55","guid":{"rendered":"https:\/\/agora.xtec.cat\/ceip-falba\/?p=11754"},"modified":"2023-11-13T12:35:55","modified_gmt":"2023-11-13T11:35:55","slug":"la-tardor-a-i5","status":"publish","type":"post","link":"https:\/\/agora.xtec.cat\/ceip-falba\/general\/la-tardor-a-i5\/","title":{"rendered":"La Tardor a I5"},"content":{"rendered":"<p>Us presentem les activitats de tardor que hem realitzat els de I5:<\/p>\n<p>-Vam fer panellets de coco, ametlla i xocolata i despr\u00e9s vam escriure la recepta.<\/p>\n<p>-Tamb\u00e9 vam fer estampaci\u00f3 amb pintura amb pomes, magranes i moniatos amb els colors de la tardor:\u00a0 groc, taronja, vermell i marr\u00f3<\/p>\n<p>.-Ens va venir a visitar a l&#8217;escola la Castanyera i ens va repartir castanyes. Com a agra\u00efment, li vam ballar la dansa de la Castanyera i vam cantar-li la can\u00e7\u00f3 del Marrameu<\/p>\n<ul>\n<li>Vam fer el Tastet de Tardor amb tot el que vam portar cadasc\u00fa de casa . Vam provar pomes, mandarines, ra\u00efm, torrades amb codony,\u00a0 magrana, d\u00e0tils ,nous i figues seques.<\/li>\n<li>Hem realitzat Mandales amb motius de la Tardor: castanyes, fulles, esquirols&#8230;<\/li>\n<li>Hem decorat les finestres de l&#8217;aula amb fulles que hem recollit a l&#8217;hort de l&#8217;escola<\/li>\n<\/ul>\n<p><a href=\"https:\/\/drive.google.com\/drive\/folders\/1_FDrn6tdwnO9ulaDAKau64T4LhHHrEMe?usp=sharing\">\u00a0 \u00a0 \u00a0Cliqueu aqu\u00ed per veure les fotos<\/a><\/p>\n<p>&nbsp;<\/p>\n<p>&nbsp;<\/p>\n<p>&nbsp;<\/p>\n","protected":false},"excerpt":{"rendered":"<p>Us presentem les activitats de tardor que hem realitzat els de I5:<br \/>\n-Vam fer panellets de coco, ametlla i xocolata i despr\u00e9s vam escriure la recepta.<br \/>\n-Tamb\u00e9 vam fer estampaci\u00f3 amb pintura amb pomes, magranes i moniatos amb els colors de la tardor:\u00a0 groc, taronja, vermell i&hellip;  <a href=\"https:\/\/agora.xtec.cat\/ceip-falba\/general\/la-tardor-a-i5\/\" title=\"Read La Tardor a I5\">Llegeix m\u00e9s\u00bb<\/a><\/p>\n","protected":false},"author":13,"featured_media":11755,"comment_status":"closed","ping_status":"closed","sticky":false,"template":"","format":"standard","meta":{"_bbp_topic_count":0,"_bbp_reply_count":0,"_bbp_total_topic_count":0,"_bbp_total_reply_count":0,"_bbp_voice_count":0,"_bbp_anonymous_reply_count":0,"_bbp_topic_count_hidden":0,"_bbp_reply_count_hidden":0,"_bbp_forum_subforum_count":0,"footnotes":""},"categories":[340,490,1,2,4],"tags":[],"class_list":["post-11754","post","type-post","status-publish","format-standard","has-post-thumbnail","hentry","category-comunitat-de-petits","category-curs-2023-24","category-general","category-infantil","category-portada"],"post_mailing_queue_ids":[],"_links":{"self":[{"href":"https:\/\/agora.xtec.cat\/ceip-falba\/wp-json\/wp\/v2\/posts\/11754","targetHints":{"allow":["GET"]}}],"collection":[{"href":"https:\/\/agora.xtec.cat\/ceip-falba\/wp-json\/wp\/v2\/posts"}],"about":[{"href":"https:\/\/agora.xtec.cat\/ceip-falba\/wp-json\/wp\/v2\/types\/post"}],"author":[{"embeddable":true,"href":"https:\/\/agora.xtec.cat\/ceip-falba\/wp-json\/wp\/v2\/users\/13"}],"replies":[{"embeddable":true,"href":"https:\/\/agora.xtec.cat\/ceip-falba\/wp-json\/wp\/v2\/comments?post=11754"}],"version-history":[{"count":1,"href":"https:\/\/agora.xtec.cat\/ceip-falba\/wp-json\/wp\/v2\/posts\/11754\/revisions"}],"predecessor-version":[{"id":11756,"href":"https:\/\/agora.xtec.cat\/ceip-falba\/wp-json\/wp\/v2\/posts\/11754\/revisions\/11756"}],"wp:featuredmedia":[{"embeddable":true,"href":"https:\/\/agora.xtec.cat\/ceip-falba\/wp-json\/wp\/v2\/media\/11755"}],"wp:attachment":[{"href":"https:\/\/agora.xtec.cat\/ceip-falba\/wp-json\/wp\/v2\/media?parent=11754"}],"wp:term":[{"taxonomy":"category","embeddable":true,"href":"https:\/\/agora.xtec.cat\/ceip-falba\/wp-json\/wp\/v2\/categories?post=11754"},{"taxonomy":"post_tag","embeddable":true,"href":"https:\/\/agora.xtec.cat\/ceip-falba\/wp-json\/wp\/v2\/tags?post=11754"}],"curies":[{"name":"wp","href":"https:\/\/api.w.org\/{rel}","templated":true}]}}