{"id":11705,"date":"2023-11-09T19:47:44","date_gmt":"2023-11-09T18:47:44","guid":{"rendered":"https:\/\/agora.xtec.cat\/ceip-falba\/?p=11705"},"modified":"2023-11-09T19:47:44","modified_gmt":"2023-11-09T18:47:44","slug":"a-primer-fem-de-periodistes","status":"publish","type":"post","link":"https:\/\/agora.xtec.cat\/ceip-falba\/portada\/a-primer-fem-de-periodistes\/","title":{"rendered":"A primer fem de periodistes!"},"content":{"rendered":"<p>L&#8217;alumnat de 1r ens hem proposat aquest trimestre elaborar un v\u00eddeo de presentaci\u00f3 de la nostra escola que ajudi a con\u00e8ixer-la a tots i totes, per\u00f2 sobretot a aquells nens i nenes que arriben nous cada curs. Hem fotografiat cada espai de l&#8217;escola, hem redactat les frases que serviran d&#8217;explicaci\u00f3 al v\u00eddeo i hem assajat com ser\u00e0 la nostra gravaci\u00f3.<\/p>\n<p>Estem molt emocionats i emocionades amb aquesta feina, ens sentim uns grans periodistes!<\/p>\n<p>Us deixem un recull d&#8217;imatges perqu\u00e8 gaudiu com nosaltres!<\/p>\n<p><a href=\"https:\/\/drive.google.com\/drive\/folders\/1B90O2Nn1wFNlefCQ8w5qtKLpzhNh7fxC?usp=sharing\">Imatges 1r<\/a><\/p>\n<p>&nbsp;<\/p>\n","protected":false},"excerpt":{"rendered":"<p>L&#8217;alumnat de 1r ens hem proposat aquest trimestre elaborar un v\u00eddeo de presentaci\u00f3 de la nostra escola que ajudi a con\u00e8ixer-la a tots i totes, per\u00f2 sobretot a aquells nens i nenes que arriben nous cada curs. Hem fotografiat cada espai de l&#8217;escola, hem redactat&hellip;  <a href=\"https:\/\/agora.xtec.cat\/ceip-falba\/portada\/a-primer-fem-de-periodistes\/\" title=\"Read A primer fem de periodistes!\">Llegeix m\u00e9s\u00bb<\/a><\/p>\n","protected":false},"author":8,"featured_media":11747,"comment_status":"closed","ping_status":"closed","sticky":false,"template":"","format":"standard","meta":{"_bbp_topic_count":0,"_bbp_reply_count":0,"_bbp_total_topic_count":0,"_bbp_total_reply_count":0,"_bbp_voice_count":0,"_bbp_anonymous_reply_count":0,"_bbp_topic_count_hidden":0,"_bbp_reply_count_hidden":0,"_bbp_forum_subforum_count":0,"footnotes":""},"categories":[442,453,490,4,5],"tags":[],"class_list":["post-11705","post","type-post","status-publish","format-standard","has-post-thumbnail","hentry","category-comunitat-mitjana","category-contextos-daprenentatge","category-curs-2023-24","category-portada","category-primaria"],"post_mailing_queue_ids":[],"_links":{"self":[{"href":"https:\/\/agora.xtec.cat\/ceip-falba\/wp-json\/wp\/v2\/posts\/11705","targetHints":{"allow":["GET"]}}],"collection":[{"href":"https:\/\/agora.xtec.cat\/ceip-falba\/wp-json\/wp\/v2\/posts"}],"about":[{"href":"https:\/\/agora.xtec.cat\/ceip-falba\/wp-json\/wp\/v2\/types\/post"}],"author":[{"embeddable":true,"href":"https:\/\/agora.xtec.cat\/ceip-falba\/wp-json\/wp\/v2\/users\/8"}],"replies":[{"embeddable":true,"href":"https:\/\/agora.xtec.cat\/ceip-falba\/wp-json\/wp\/v2\/comments?post=11705"}],"version-history":[{"count":2,"href":"https:\/\/agora.xtec.cat\/ceip-falba\/wp-json\/wp\/v2\/posts\/11705\/revisions"}],"predecessor-version":[{"id":11748,"href":"https:\/\/agora.xtec.cat\/ceip-falba\/wp-json\/wp\/v2\/posts\/11705\/revisions\/11748"}],"wp:featuredmedia":[{"embeddable":true,"href":"https:\/\/agora.xtec.cat\/ceip-falba\/wp-json\/wp\/v2\/media\/11747"}],"wp:attachment":[{"href":"https:\/\/agora.xtec.cat\/ceip-falba\/wp-json\/wp\/v2\/media?parent=11705"}],"wp:term":[{"taxonomy":"category","embeddable":true,"href":"https:\/\/agora.xtec.cat\/ceip-falba\/wp-json\/wp\/v2\/categories?post=11705"},{"taxonomy":"post_tag","embeddable":true,"href":"https:\/\/agora.xtec.cat\/ceip-falba\/wp-json\/wp\/v2\/tags?post=11705"}],"curies":[{"name":"wp","href":"https:\/\/api.w.org\/{rel}","templated":true}]}}