{"id":11694,"date":"2023-11-02T13:00:50","date_gmt":"2023-11-02T12:00:50","guid":{"rendered":"https:\/\/agora.xtec.cat\/ceip-falba\/?p=11694"},"modified":"2023-11-08T20:10:34","modified_gmt":"2023-11-08T19:10:34","slug":"la-tardor-ha-vingut-a-i3","status":"publish","type":"post","link":"https:\/\/agora.xtec.cat\/ceip-falba\/general\/la-tardor-ha-vingut-a-i3\/","title":{"rendered":"La tardor ha vingut a I3!"},"content":{"rendered":"<p>La tardor ha vingut a I3 i amb ella, un munt d&#8217;activitats relacionades amb aquesta estaci\u00f3 de l&#8217;any tan bonica \ud83d\ude42 \ud83c\udf42\ud83c\udf41<\/p>\n<ul>\n<li>Els nens i nenes de I3 ens hem fet corones amb els elements de la tardor treballats: bolet, fulles, cargol, castanya&#8230;<\/li>\n<li>Hem sortit al pati i hem pogut agafar fulles seques que ens hem trobat, per despr\u00e9s classificar-les per colors, esmicolar-les i decorar els nostres vidres de la classe.<\/li>\n<li>Ens hem disfressat de castanyera i hem apr\u00e8s la seva hist\u00f2ria a trav\u00e9s del conte.<\/li>\n<li>Hem tastat els ingredients per poder fer panellets, els hem fet i despr\u00e9s els hem menjat!<\/li>\n<li>Hem conegut a la Castanyera, que ha baixat de la muntanya per venir a veure&#8217;ns! Ens ha portat castanyes per a tothom i li hem ensenyat el seu ball.<\/li>\n<li>Hem fet un tastet dels fruits de la tardor, amb l&#8217;ajuda de les nostres fam\u00edlies que ens han preparat uns plats per cadascun de nosaltres, on hem pogut menjar: nous, figues seques, magrana, poma, mandarina, ra\u00efm i codonyat amb torrades. Mmmmmm qu\u00e8 bo estava tot!<\/li>\n<li>Hem tret la nostra part m\u00e9s art\u00edstica estampant amb fruits i fruites de la tardor, tot escoltant &#8220;La Tardor, de Vivaldi&#8221;.<\/li>\n<\/ul>\n<p>COM ENS AGRADA APRENDRE! \ud83e\udd29<\/p>\n<p><a href=\"https:\/\/drive.google.com\/drive\/folders\/1gkOeEP4poLOHG36-WGaN-g_nU4KnMpWv?usp=sharing\"><em><strong>CLICA AQU\u00cd PER VEURE LES FOTOS &lt;&#8211;<\/strong><\/em><\/a><\/p>\n<p><a href=\"https:\/\/agora.xtec.cat\/ceip-falba\/wp-content\/uploads\/usu658\/2023\/11\/IMG_2308-scaled.jpg\"><img loading=\"lazy\" decoding=\"async\" class=\"alignnone size-large wp-image-11695\" src=\"https:\/\/agora.xtec.cat\/ceip-falba\/wp-content\/uploads\/usu658\/2023\/11\/IMG_2308-1024x576.jpg\" alt=\"\" width=\"1024\" height=\"576\" srcset=\"https:\/\/agora.xtec.cat\/ceip-falba\/wp-content\/uploads\/usu658\/2023\/11\/IMG_2308-1024x576.jpg 1024w, https:\/\/agora.xtec.cat\/ceip-falba\/wp-content\/uploads\/usu658\/2023\/11\/IMG_2308-300x169.jpg 300w, https:\/\/agora.xtec.cat\/ceip-falba\/wp-content\/uploads\/usu658\/2023\/11\/IMG_2308-768x432.jpg 768w, https:\/\/agora.xtec.cat\/ceip-falba\/wp-content\/uploads\/usu658\/2023\/11\/IMG_2308-1536x864.jpg 1536w, https:\/\/agora.xtec.cat\/ceip-falba\/wp-content\/uploads\/usu658\/2023\/11\/IMG_2308-2048x1152.jpg 2048w\" sizes=\"auto, (max-width: 1024px) 100vw, 1024px\" \/><\/a><\/p>\n<p>&nbsp;<\/p>\n","protected":false},"excerpt":{"rendered":"<p>La tardor ha vingut a I3 i amb ella, un munt d&#8217;activitats relacionades amb aquesta estaci\u00f3 de l&#8217;any tan bonica \ud83d\ude42 \ud83c\udf42\ud83c\udf41<\/p>\n<ul>\n<li>Els nens i nenes de I3 ens hem fet corones amb els elements de la tardor treballats: bolet, fulles, cargol, castanya&#8230;<\/li>\n<li>Hem sortit al pati&hellip;  <a href=\"https:\/\/agora.xtec.cat\/ceip-falba\/general\/la-tardor-ha-vingut-a-i3\/\" title=\"Read La tardor ha vingut a I3!\">Llegeix m\u00e9s\u00bb<\/a><br \/>\n","protected":false},"author":71,"featured_media":11696,"comment_status":"closed","ping_status":"closed","sticky":false,"template":"","format":"standard","meta":{"_bbp_topic_count":0,"_bbp_reply_count":0,"_bbp_total_topic_count":0,"_bbp_total_reply_count":0,"_bbp_voice_count":0,"_bbp_anonymous_reply_count":0,"_bbp_topic_count_hidden":0,"_bbp_reply_count_hidden":0,"_bbp_forum_subforum_count":0,"footnotes":""},"categories":[340,490,35,1,3,2,4],"tags":[],"class_list":["post-11694","post","type-post","status-publish","format-standard","has-post-thumbnail","hentry","category-comunitat-de-petits","category-curs-2023-24","category-festes","category-general","category-p3","category-infantil","category-portada"],"post_mailing_queue_ids":[],"_links":{"self":[{"href":"https:\/\/agora.xtec.cat\/ceip-falba\/wp-json\/wp\/v2\/posts\/11694","targetHints":{"allow":["GET"]}}],"collection":[{"href":"https:\/\/agora.xtec.cat\/ceip-falba\/wp-json\/wp\/v2\/posts"}],"about":[{"href":"https:\/\/agora.xtec.cat\/ceip-falba\/wp-json\/wp\/v2\/types\/post"}],"author":[{"embeddable":true,"href":"https:\/\/agora.xtec.cat\/ceip-falba\/wp-json\/wp\/v2\/users\/71"}],"replies":[{"embeddable":true,"href":"https:\/\/agora.xtec.cat\/ceip-falba\/wp-json\/wp\/v2\/comments?post=11694"}],"version-history":[{"count":2,"href":"https:\/\/agora.xtec.cat\/ceip-falba\/wp-json\/wp\/v2\/posts\/11694\/revisions"}],"predecessor-version":[{"id":11746,"href":"https:\/\/agora.xtec.cat\/ceip-falba\/wp-json\/wp\/v2\/posts\/11694\/revisions\/11746"}],"wp:featuredmedia":[{"embeddable":true,"href":"https:\/\/agora.xtec.cat\/ceip-falba\/wp-json\/wp\/v2\/media\/11696"}],"wp:attachment":[{"href":"https:\/\/agora.xtec.cat\/ceip-falba\/wp-json\/wp\/v2\/media?parent=11694"}],"wp:term":[{"taxonomy":"category","embeddable":true,"href":"https:\/\/agora.xtec.cat\/ceip-falba\/wp-json\/wp\/v2\/categories?post=11694"},{"taxonomy":"post_tag","embeddable":true,"href":"https:\/\/agora.xtec.cat\/ceip-falba\/wp-json\/wp\/v2\/tags?post=11694"}],"curies":[{"name":"wp","href":"https:\/\/api.w.org\/{rel}","templated":true}]}}