{"id":11673,"date":"2023-10-31T13:01:01","date_gmt":"2023-10-31T12:01:01","guid":{"rendered":"https:\/\/agora.xtec.cat\/ceip-falba\/?p=11673"},"modified":"2023-11-03T12:50:47","modified_gmt":"2023-11-03T11:50:47","slug":"descobrim-la-tardor-a-i4","status":"publish","type":"post","link":"https:\/\/agora.xtec.cat\/ceip-falba\/infantil\/descobrim-la-tardor-a-i4\/","title":{"rendered":"DESCOBRIM LA TARDOR A I4"},"content":{"rendered":"<p><span style=\"font-weight: 400;\">A l&#8217;escola, la tardor ha comen\u00e7at plena de creativitat i diversi\u00f3. Els nens i nenes d\u2019I4 s\u2019han endinsat en l&#8217;ess\u00e8ncia de la tardor a trav\u00e9s de diverses activitats.<\/span><\/p>\n<p><span style=\"font-weight: 400;\">Han fet servir pinyes i taps de suro com a inusuals pinzells per pintar fulles de la tardor. A m\u00e9s a m\u00e9s, han participat en la decoraci\u00f3 del vest\u00edbul de l&#8217;escola. Entre tots i totes hem col\u00b7laborat per esquin\u00e7ar paper de seda marr\u00f3 i crear les nostres castanyes que hi trobareu a l&#8217;entrada de l&#8217;escola.<\/span><\/p>\n<p><a href=\"https:\/\/drive.google.com\/drive\/folders\/1wdPTlgadaEgWt7HFkJYeeIlNeaLSmeXj?usp=drive_link\"><span style=\"font-weight: 400;\">Cliqueu en aquest enlla\u00e7 per veure les fotos.<\/span><\/a><\/p>\n","protected":false},"excerpt":{"rendered":"<p>A l&#8217;escola, la tardor ha comen\u00e7at plena de creativitat i diversi\u00f3. Els nens i nenes d\u2019I4 s\u2019han endinsat en l&#8217;ess\u00e8ncia de la tardor a trav\u00e9s de diverses activitats.<br \/>\nHan fet servir pinyes i taps de suro com a inusuals pinzells per pintar fulles de la tardor.&hellip;  <a href=\"https:\/\/agora.xtec.cat\/ceip-falba\/infantil\/descobrim-la-tardor-a-i4\/\" title=\"Read DESCOBRIM LA TARDOR A I4\">Llegeix m\u00e9s\u00bb<\/a><\/p>\n","protected":false},"author":109,"featured_media":11675,"comment_status":"closed","ping_status":"closed","sticky":false,"template":"","format":"standard","meta":{"_bbp_topic_count":0,"_bbp_reply_count":0,"_bbp_total_topic_count":0,"_bbp_total_reply_count":0,"_bbp_voice_count":0,"_bbp_anonymous_reply_count":0,"_bbp_topic_count_hidden":0,"_bbp_reply_count_hidden":0,"_bbp_forum_subforum_count":0,"footnotes":""},"categories":[340,490,8,2,4],"tags":[421,160,163],"class_list":["post-11673","post","type-post","status-publish","format-standard","has-post-thumbnail","hentry","category-comunitat-de-petits","category-curs-2023-24","category-p4","category-infantil","category-portada","tag-comunitat-petita","tag-educacio-infantil","tag-portada"],"post_mailing_queue_ids":[],"_links":{"self":[{"href":"https:\/\/agora.xtec.cat\/ceip-falba\/wp-json\/wp\/v2\/posts\/11673","targetHints":{"allow":["GET"]}}],"collection":[{"href":"https:\/\/agora.xtec.cat\/ceip-falba\/wp-json\/wp\/v2\/posts"}],"about":[{"href":"https:\/\/agora.xtec.cat\/ceip-falba\/wp-json\/wp\/v2\/types\/post"}],"author":[{"embeddable":true,"href":"https:\/\/agora.xtec.cat\/ceip-falba\/wp-json\/wp\/v2\/users\/109"}],"replies":[{"embeddable":true,"href":"https:\/\/agora.xtec.cat\/ceip-falba\/wp-json\/wp\/v2\/comments?post=11673"}],"version-history":[{"count":2,"href":"https:\/\/agora.xtec.cat\/ceip-falba\/wp-json\/wp\/v2\/posts\/11673\/revisions"}],"predecessor-version":[{"id":11709,"href":"https:\/\/agora.xtec.cat\/ceip-falba\/wp-json\/wp\/v2\/posts\/11673\/revisions\/11709"}],"wp:featuredmedia":[{"embeddable":true,"href":"https:\/\/agora.xtec.cat\/ceip-falba\/wp-json\/wp\/v2\/media\/11675"}],"wp:attachment":[{"href":"https:\/\/agora.xtec.cat\/ceip-falba\/wp-json\/wp\/v2\/media?parent=11673"}],"wp:term":[{"taxonomy":"category","embeddable":true,"href":"https:\/\/agora.xtec.cat\/ceip-falba\/wp-json\/wp\/v2\/categories?post=11673"},{"taxonomy":"post_tag","embeddable":true,"href":"https:\/\/agora.xtec.cat\/ceip-falba\/wp-json\/wp\/v2\/tags?post=11673"}],"curies":[{"name":"wp","href":"https:\/\/api.w.org\/{rel}","templated":true}]}}