{"id":11640,"date":"2023-10-23T16:50:24","date_gmt":"2023-10-23T14:50:24","guid":{"rendered":"https:\/\/agora.xtec.cat\/ceip-falba\/?p=11640"},"modified":"2023-10-23T16:50:24","modified_gmt":"2023-10-23T14:50:24","slug":"els-ibers-a-casa-nostra","status":"publish","type":"post","link":"https:\/\/agora.xtec.cat\/ceip-falba\/portada\/els-ibers-a-casa-nostra\/","title":{"rendered":"Els ibers a casa nostra"},"content":{"rendered":"<p>Els alumnes de 6\u00e8 ens hem preguntat qu\u00ed vivia a la Mediterr\u00e0nia a l&#8217;Edat de Ferro.<\/p>\n<p>Per esbrinar aquest misteri estem treballant en grups cooperatius el context dels ibers. Estem buscant informaci\u00f3 a partir de diferents fonts per contrastar-les i extreure&#8217;n les nostres conclusions i posar-les en com\u00fa amb\u00a0 tots els companys i companyes de la classe.<\/p>\n<p>Acabarem el context fent una visita teatralitzada a la Ciutadella ibera de Calafell.<\/p>\n<p>&nbsp;<\/p>\n<p>&nbsp;<\/p>\n<p><a href=\"https:\/\/agora.xtec.cat\/ceip-falba\/wp-content\/uploads\/usu658\/2023\/10\/20231023_160357-scaled.jpg\"><img loading=\"lazy\" decoding=\"async\" class=\"alignright wp-image-11641 size-medium\" src=\"https:\/\/agora.xtec.cat\/ceip-falba\/wp-content\/uploads\/usu658\/2023\/10\/20231023_160357-300x138.jpg\" alt=\"\" width=\"300\" height=\"138\" srcset=\"https:\/\/agora.xtec.cat\/ceip-falba\/wp-content\/uploads\/usu658\/2023\/10\/20231023_160357-300x138.jpg 300w, https:\/\/agora.xtec.cat\/ceip-falba\/wp-content\/uploads\/usu658\/2023\/10\/20231023_160357-1024x472.jpg 1024w, https:\/\/agora.xtec.cat\/ceip-falba\/wp-content\/uploads\/usu658\/2023\/10\/20231023_160357-768x354.jpg 768w, https:\/\/agora.xtec.cat\/ceip-falba\/wp-content\/uploads\/usu658\/2023\/10\/20231023_160357-1536x709.jpg 1536w, https:\/\/agora.xtec.cat\/ceip-falba\/wp-content\/uploads\/usu658\/2023\/10\/20231023_160357-2048x945.jpg 2048w\" sizes=\"auto, (max-width: 300px) 100vw, 300px\" \/><\/a><\/p>\n<p>&nbsp;<\/p>\n<p>&nbsp;<\/p>\n<p><a href=\"https:\/\/agora.xtec.cat\/ceip-falba\/wp-content\/uploads\/usu658\/2023\/10\/20231023_160406-scaled.jpg\"><img loading=\"lazy\" decoding=\"async\" class=\"alignleft wp-image-11642 size-medium\" src=\"https:\/\/agora.xtec.cat\/ceip-falba\/wp-content\/uploads\/usu658\/2023\/10\/20231023_160406-300x138.jpg\" alt=\"\" width=\"300\" height=\"138\" srcset=\"https:\/\/agora.xtec.cat\/ceip-falba\/wp-content\/uploads\/usu658\/2023\/10\/20231023_160406-300x138.jpg 300w, https:\/\/agora.xtec.cat\/ceip-falba\/wp-content\/uploads\/usu658\/2023\/10\/20231023_160406-1024x472.jpg 1024w, https:\/\/agora.xtec.cat\/ceip-falba\/wp-content\/uploads\/usu658\/2023\/10\/20231023_160406-768x354.jpg 768w, https:\/\/agora.xtec.cat\/ceip-falba\/wp-content\/uploads\/usu658\/2023\/10\/20231023_160406-1536x709.jpg 1536w, https:\/\/agora.xtec.cat\/ceip-falba\/wp-content\/uploads\/usu658\/2023\/10\/20231023_160406-2048x945.jpg 2048w\" sizes=\"auto, (max-width: 300px) 100vw, 300px\" \/><\/a><\/p>\n<p>&nbsp;<\/p>\n<p>&nbsp;<\/p>\n<p>&nbsp;<\/p>\n<p>&nbsp;<\/p>\n<p>&nbsp;<\/p>\n<p><a href=\"https:\/\/agora.xtec.cat\/ceip-falba\/wp-content\/uploads\/usu658\/2023\/10\/20231023_160521-scaled.jpg\"><img loading=\"lazy\" decoding=\"async\" class=\"wp-image-11643 aligncenter\" src=\"https:\/\/agora.xtec.cat\/ceip-falba\/wp-content\/uploads\/usu658\/2023\/10\/20231023_160521-300x138.jpg\" alt=\"\" width=\"317\" height=\"146\" srcset=\"https:\/\/agora.xtec.cat\/ceip-falba\/wp-content\/uploads\/usu658\/2023\/10\/20231023_160521-300x138.jpg 300w, https:\/\/agora.xtec.cat\/ceip-falba\/wp-content\/uploads\/usu658\/2023\/10\/20231023_160521-1024x472.jpg 1024w, https:\/\/agora.xtec.cat\/ceip-falba\/wp-content\/uploads\/usu658\/2023\/10\/20231023_160521-768x354.jpg 768w, https:\/\/agora.xtec.cat\/ceip-falba\/wp-content\/uploads\/usu658\/2023\/10\/20231023_160521-1536x709.jpg 1536w, https:\/\/agora.xtec.cat\/ceip-falba\/wp-content\/uploads\/usu658\/2023\/10\/20231023_160521-2048x945.jpg 2048w\" sizes=\"auto, (max-width: 317px) 100vw, 317px\" \/><\/a><\/p>\n","protected":false},"excerpt":{"rendered":"<p>Els alumnes de 6\u00e8 ens hem preguntat qu\u00ed vivia a la Mediterr\u00e0nia a l&#8217;Edat de Ferro.&hellip;  <a href=\"https:\/\/agora.xtec.cat\/ceip-falba\/portada\/els-ibers-a-casa-nostra\/\" title=\"Read Els ibers a casa nostra\">Llegeix m\u00e9s\u00bb<\/a><\/p>\n","protected":false},"author":1,"featured_media":11644,"comment_status":"closed","ping_status":"closed","sticky":false,"template":"","format":"standard","meta":{"_bbp_topic_count":0,"_bbp_reply_count":0,"_bbp_total_topic_count":0,"_bbp_total_reply_count":0,"_bbp_voice_count":0,"_bbp_anonymous_reply_count":0,"_bbp_topic_count_hidden":0,"_bbp_reply_count_hidden":0,"_bbp_forum_subforum_count":0,"footnotes":""},"categories":[15,490,4,5],"tags":[],"class_list":["post-11640","post","type-post","status-publish","format-standard","has-post-thumbnail","hentry","category-6e","category-curs-2023-24","category-portada","category-primaria"],"post_mailing_queue_ids":[],"_links":{"self":[{"href":"https:\/\/agora.xtec.cat\/ceip-falba\/wp-json\/wp\/v2\/posts\/11640","targetHints":{"allow":["GET"]}}],"collection":[{"href":"https:\/\/agora.xtec.cat\/ceip-falba\/wp-json\/wp\/v2\/posts"}],"about":[{"href":"https:\/\/agora.xtec.cat\/ceip-falba\/wp-json\/wp\/v2\/types\/post"}],"author":[{"embeddable":true,"href":"https:\/\/agora.xtec.cat\/ceip-falba\/wp-json\/wp\/v2\/users\/1"}],"replies":[{"embeddable":true,"href":"https:\/\/agora.xtec.cat\/ceip-falba\/wp-json\/wp\/v2\/comments?post=11640"}],"version-history":[{"count":6,"href":"https:\/\/agora.xtec.cat\/ceip-falba\/wp-json\/wp\/v2\/posts\/11640\/revisions"}],"predecessor-version":[{"id":11651,"href":"https:\/\/agora.xtec.cat\/ceip-falba\/wp-json\/wp\/v2\/posts\/11640\/revisions\/11651"}],"wp:featuredmedia":[{"embeddable":true,"href":"https:\/\/agora.xtec.cat\/ceip-falba\/wp-json\/wp\/v2\/media\/11644"}],"wp:attachment":[{"href":"https:\/\/agora.xtec.cat\/ceip-falba\/wp-json\/wp\/v2\/media?parent=11640"}],"wp:term":[{"taxonomy":"category","embeddable":true,"href":"https:\/\/agora.xtec.cat\/ceip-falba\/wp-json\/wp\/v2\/categories?post=11640"},{"taxonomy":"post_tag","embeddable":true,"href":"https:\/\/agora.xtec.cat\/ceip-falba\/wp-json\/wp\/v2\/tags?post=11640"}],"curies":[{"name":"wp","href":"https:\/\/api.w.org\/{rel}","templated":true}]}}