{"id":11592,"date":"2023-10-18T16:53:12","date_gmt":"2023-10-18T14:53:12","guid":{"rendered":"https:\/\/agora.xtec.cat\/ceip-falba\/?p=11592"},"modified":"2023-10-18T16:53:50","modified_gmt":"2023-10-18T14:53:50","slug":"alumnes-de-5e-i-6e-representants-al-cmiat-curs-2023-2024","status":"publish","type":"post","link":"https:\/\/agora.xtec.cat\/ceip-falba\/general\/alumnes-de-5e-i-6e-representants-al-cmiat-curs-2023-2024\/","title":{"rendered":"ALUMNES DE 5\u00e8 I 6\u00e8 REPRESENTANTS AL CMIAT: CURS 2023-2024"},"content":{"rendered":"<p><a href=\"https:\/\/agora.xtec.cat\/ceip-falba\/wp-content\/uploads\/usu658\/2023\/10\/IMG-2222222.jpg\"><img loading=\"lazy\" decoding=\"async\" class=\"alignnone size-large wp-image-11615\" src=\"https:\/\/agora.xtec.cat\/ceip-falba\/wp-content\/uploads\/usu658\/2023\/10\/IMG-2222222-1024x764.jpg\" alt=\"\" width=\"1024\" height=\"764\" srcset=\"https:\/\/agora.xtec.cat\/ceip-falba\/wp-content\/uploads\/usu658\/2023\/10\/IMG-2222222-1024x764.jpg 1024w, https:\/\/agora.xtec.cat\/ceip-falba\/wp-content\/uploads\/usu658\/2023\/10\/IMG-2222222-300x224.jpg 300w, https:\/\/agora.xtec.cat\/ceip-falba\/wp-content\/uploads\/usu658\/2023\/10\/IMG-2222222-768x573.jpg 768w, https:\/\/agora.xtec.cat\/ceip-falba\/wp-content\/uploads\/usu658\/2023\/10\/IMG-2222222-200x150.jpg 200w, https:\/\/agora.xtec.cat\/ceip-falba\/wp-content\/uploads\/usu658\/2023\/10\/IMG-2222222.jpg 1170w\" sizes=\"auto, (max-width: 1024px) 100vw, 1024px\" \/><\/a>Aquest curs el Fernando de cinqu\u00e8 i el Gael de sis\u00e8 seran els representats de la nostra escola al CMIAT de Terrassa. Participaran a una reuni\u00f3 mensual que es realitzar\u00e0 al Centre C\u00edvic Francesc Maci\u00e0, i treballaran sobre un tema que\u00a0 sigui del seu inter\u00e8s.<\/p>\n<p><a href=\"https:\/\/participa.terrassa.cat\/assemblies\/cmiat?locale=ca\">El CMIAT \u00e9s l\u2019\u00f2rgan de participaci\u00f3 infantil i juvenil de Terrassa i est\u00e0\u00a0format per infants i adolescents d\u2019entre 10 i 14 anys. Representants\u00a0provinents de diversos centres educatius i entitats de lleure de la ciutat, que es troben mensualment per debatre, expressar, opinar i aportar propostes de millora de la ciutat de Terrassa.<\/a><\/p>\n<p>Com a \u00f2rgan participatiu que treballa per la millora i transformaci\u00f3 del municipi, l\u2019Alcalde i\/o l\u2019equip de govern els hi fa un enc\u00e0rrec sobre un tema que necessita la seva opini\u00f3 i propostes.<\/p>\n<p>Bona feina i molta sort!<\/p>\n<p>Comunitat de grans.<\/p>\n","protected":false},"excerpt":{"rendered":"<p>ALUMNES DE 5\u00e8 I 6\u00e8 REPRESENTANTS AL CMIAT DURANT EL CURS 2023-2024&hellip;  <a href=\"https:\/\/agora.xtec.cat\/ceip-falba\/general\/alumnes-de-5e-i-6e-representants-al-cmiat-curs-2023-2024\/\" title=\"Read ALUMNES DE 5\u00e8 I 6\u00e8 REPRESENTANTS AL CMIAT: CURS 2023-2024\">Llegeix m\u00e9s\u00bb<\/a><\/p>\n","protected":false},"author":20,"featured_media":11616,"comment_status":"closed","ping_status":"closed","sticky":false,"template":"","format":"standard","meta":{"_bbp_topic_count":0,"_bbp_reply_count":0,"_bbp_total_topic_count":0,"_bbp_total_reply_count":0,"_bbp_voice_count":0,"_bbp_anonymous_reply_count":0,"_bbp_topic_count_hidden":0,"_bbp_reply_count_hidden":0,"_bbp_forum_subforum_count":0,"footnotes":""},"categories":[14,15,456,445,490,1,411,4,5],"tags":[],"class_list":["post-11592","post","type-post","status-publish","format-standard","has-post-thumbnail","hentry","category-5e","category-6e","category-cmiat","category-comunitat-gran","category-curs-2023-24","category-general","category-participacio-alumnat","category-portada","category-primaria"],"post_mailing_queue_ids":[],"_links":{"self":[{"href":"https:\/\/agora.xtec.cat\/ceip-falba\/wp-json\/wp\/v2\/posts\/11592","targetHints":{"allow":["GET"]}}],"collection":[{"href":"https:\/\/agora.xtec.cat\/ceip-falba\/wp-json\/wp\/v2\/posts"}],"about":[{"href":"https:\/\/agora.xtec.cat\/ceip-falba\/wp-json\/wp\/v2\/types\/post"}],"author":[{"embeddable":true,"href":"https:\/\/agora.xtec.cat\/ceip-falba\/wp-json\/wp\/v2\/users\/20"}],"replies":[{"embeddable":true,"href":"https:\/\/agora.xtec.cat\/ceip-falba\/wp-json\/wp\/v2\/comments?post=11592"}],"version-history":[{"count":4,"href":"https:\/\/agora.xtec.cat\/ceip-falba\/wp-json\/wp\/v2\/posts\/11592\/revisions"}],"predecessor-version":[{"id":11620,"href":"https:\/\/agora.xtec.cat\/ceip-falba\/wp-json\/wp\/v2\/posts\/11592\/revisions\/11620"}],"wp:featuredmedia":[{"embeddable":true,"href":"https:\/\/agora.xtec.cat\/ceip-falba\/wp-json\/wp\/v2\/media\/11616"}],"wp:attachment":[{"href":"https:\/\/agora.xtec.cat\/ceip-falba\/wp-json\/wp\/v2\/media?parent=11592"}],"wp:term":[{"taxonomy":"category","embeddable":true,"href":"https:\/\/agora.xtec.cat\/ceip-falba\/wp-json\/wp\/v2\/categories?post=11592"},{"taxonomy":"post_tag","embeddable":true,"href":"https:\/\/agora.xtec.cat\/ceip-falba\/wp-json\/wp\/v2\/tags?post=11592"}],"curies":[{"name":"wp","href":"https:\/\/api.w.org\/{rel}","templated":true}]}}