{"id":11556,"date":"2023-09-21T10:46:11","date_gmt":"2023-09-21T08:46:11","guid":{"rendered":"https:\/\/agora.xtec.cat\/ceip-falba\/?p=11556"},"modified":"2023-09-21T11:52:51","modified_gmt":"2023-09-21T09:52:51","slug":"extraescolars-curs-2023-2024","status":"publish","type":"post","link":"https:\/\/agora.xtec.cat\/ceip-falba\/portada\/extraescolars-curs-2023-2024\/","title":{"rendered":"EXTRAESCOLARS CURS 2023-2024"},"content":{"rendered":"<p>Benvolgudes fam\u00edlies,<strong>\u00a0\u00a0\u00a0\u00a0\u00a0\u00a0\u00a0\u00a0\u00a0\u00a0\u00a0\u00a0\u00a0\u00a0\u00a0\u00a0\u00a0\u00a0\u00a0\u00a0\u00a0\u00a0\u00a0\u00a0\u00a0\u00a0\u00a0\u00a0\u00a0\u00a0\u00a0\u00a0\u00a0\u00a0\u00a0\u00a0\u00a0\u00a0\u00a0\u00a0\u00a0\u00a0\u00a0\u00a0\u00a0\u00a0\u00a0\u00a0\u00a0\u00a0\u00a0\u00a0\u00a0 <\/strong><\/p>\n<p>A continuaci\u00f3 adjuntem la informaci\u00f3 sobre la <strong>PRE INSCRIPCI\u00d3 EXTRAESCOLARS d\u2019aquest curs 2023\/2024<\/strong>, que tamb\u00e9 rebreu en paper (amb tota la informaci\u00f3).\u00a0La proposta d\u2019extraescolars amb l\u2019empresa <strong>RECRESPORT<\/strong> per aquest curs \u00e9s:<\/p>\n<p><a href=\"https:\/\/agora.xtec.cat\/ceip-falba\/wp-content\/uploads\/usu658\/2023\/09\/EXTRA-RECRESPORT-23_24.png\"><img loading=\"lazy\" decoding=\"async\" class=\"size-full wp-image-11557 alignleft\" src=\"https:\/\/agora.xtec.cat\/ceip-falba\/wp-content\/uploads\/usu658\/2023\/09\/EXTRA-RECRESPORT-23_24.png\" alt=\"\" width=\"682\" height=\"280\" srcset=\"https:\/\/agora.xtec.cat\/ceip-falba\/wp-content\/uploads\/usu658\/2023\/09\/EXTRA-RECRESPORT-23_24.png 682w, https:\/\/agora.xtec.cat\/ceip-falba\/wp-content\/uploads\/usu658\/2023\/09\/EXTRA-RECRESPORT-23_24-300x123.png 300w\" sizes=\"auto, (max-width: 682px) 100vw, 682px\" \/><\/a><\/p>\n<p>&nbsp;<\/p>\n<p>&nbsp;<\/p>\n<p>&nbsp;<\/p>\n<p>&nbsp;<\/p>\n<p>&nbsp;<\/p>\n<p>&nbsp;<\/p>\n<p><a href=\"https:\/\/agora.xtec.cat\/ceip-falba\/wp-content\/uploads\/usu658\/2023\/09\/Tarifes-extraescolars_23_24.png\"><img loading=\"lazy\" decoding=\"async\" class=\"alignnone wp-image-11558\" src=\"https:\/\/agora.xtec.cat\/ceip-falba\/wp-content\/uploads\/usu658\/2023\/09\/Tarifes-extraescolars_23_24.png\" alt=\"\" width=\"677\" height=\"141\" srcset=\"https:\/\/agora.xtec.cat\/ceip-falba\/wp-content\/uploads\/usu658\/2023\/09\/Tarifes-extraescolars_23_24.png 1013w, https:\/\/agora.xtec.cat\/ceip-falba\/wp-content\/uploads\/usu658\/2023\/09\/Tarifes-extraescolars_23_24-300x62.png 300w, https:\/\/agora.xtec.cat\/ceip-falba\/wp-content\/uploads\/usu658\/2023\/09\/Tarifes-extraescolars_23_24-768x160.png 768w\" sizes=\"auto, (max-width: 677px) 100vw, 677px\" \/><\/a><\/p>\n<p><a href=\"https:\/\/agora.xtec.cat\/ceip-falba\/wp-content\/uploads\/usu658\/2023\/09\/Basquet-competicio.png\"><img loading=\"lazy\" decoding=\"async\" class=\"alignnone wp-image-11559\" src=\"https:\/\/agora.xtec.cat\/ceip-falba\/wp-content\/uploads\/usu658\/2023\/09\/Basquet-competicio.png\" alt=\"\" width=\"708\" height=\"143\" srcset=\"https:\/\/agora.xtec.cat\/ceip-falba\/wp-content\/uploads\/usu658\/2023\/09\/Basquet-competicio.png 1010w, https:\/\/agora.xtec.cat\/ceip-falba\/wp-content\/uploads\/usu658\/2023\/09\/Basquet-competicio-300x61.png 300w, https:\/\/agora.xtec.cat\/ceip-falba\/wp-content\/uploads\/usu658\/2023\/09\/Basquet-competicio-768x155.png 768w\" sizes=\"auto, (max-width: 708px) 100vw, 708px\" \/><\/a><\/p>\n<p>A m\u00e9s de\u00a0<strong>Rob\u00f2tica i Programaci\u00f3 amb CODELEARN<\/strong><\/p>\n<p><a href=\"https:\/\/agora.xtec.cat\/ceip-falba\/wp-content\/uploads\/usu658\/2023\/09\/ROBOTICA.png\"><img loading=\"lazy\" decoding=\"async\" class=\"alignnone size-full wp-image-11560\" src=\"https:\/\/agora.xtec.cat\/ceip-falba\/wp-content\/uploads\/usu658\/2023\/09\/ROBOTICA.png\" alt=\"\" width=\"503\" height=\"104\" srcset=\"https:\/\/agora.xtec.cat\/ceip-falba\/wp-content\/uploads\/usu658\/2023\/09\/ROBOTICA.png 503w, https:\/\/agora.xtec.cat\/ceip-falba\/wp-content\/uploads\/usu658\/2023\/09\/ROBOTICA-300x62.png 300w\" sizes=\"auto, (max-width: 503px) 100vw, 503px\" \/><\/a><\/p>\n<p>I tamb\u00e9 <strong>Piscina<\/strong> amb <strong>TERRASSASPORTS<\/strong><\/p>\n<p><a href=\"https:\/\/agora.xtec.cat\/ceip-falba\/wp-content\/uploads\/usu658\/2023\/09\/PISCINA.png\"><img loading=\"lazy\" decoding=\"async\" class=\"alignnone wp-image-11561\" src=\"https:\/\/agora.xtec.cat\/ceip-falba\/wp-content\/uploads\/usu658\/2023\/09\/PISCINA.png\" alt=\"\" width=\"664\" height=\"237\" srcset=\"https:\/\/agora.xtec.cat\/ceip-falba\/wp-content\/uploads\/usu658\/2023\/09\/PISCINA.png 748w, https:\/\/agora.xtec.cat\/ceip-falba\/wp-content\/uploads\/usu658\/2023\/09\/PISCINA-300x107.png 300w\" sizes=\"auto, (max-width: 664px) 100vw, 664px\" \/><\/a><\/p>\n<p>Tamb\u00e9 aquest any oferim:<strong> English Games<\/strong><\/p>\n<p><a href=\"https:\/\/agora.xtec.cat\/ceip-falba\/wp-content\/uploads\/usu658\/2023\/09\/ENGLISH.png\"><img loading=\"lazy\" decoding=\"async\" class=\"alignnone wp-image-11562\" src=\"https:\/\/agora.xtec.cat\/ceip-falba\/wp-content\/uploads\/usu658\/2023\/09\/ENGLISH.png\" alt=\"\" width=\"618\" height=\"348\" srcset=\"https:\/\/agora.xtec.cat\/ceip-falba\/wp-content\/uploads\/usu658\/2023\/09\/ENGLISH.png 772w, https:\/\/agora.xtec.cat\/ceip-falba\/wp-content\/uploads\/usu658\/2023\/09\/ENGLISH-300x169.png 300w, https:\/\/agora.xtec.cat\/ceip-falba\/wp-content\/uploads\/usu658\/2023\/09\/ENGLISH-768x433.png 768w\" sizes=\"auto, (max-width: 618px) 100vw, 618px\" \/><\/a><\/p>\n<p><strong><u>US RECOMANEM FER LA INSCRIPCI\u00d3 AMB PREVISI\u00d3 PER PODER ANAR TANCANT GRUPS.<\/u><\/strong><\/p>\n<p><strong>Podeu lliurar les inscripcions a les b\u00fasties de l\u2019AFA (a les portes), a la safata del mostrador de l\u2019escola o enviar al correu electr\u00f2nic de l\u2019AFA. <\/strong><\/p>\n<p><strong><u>Esperem que us animeu i es puguin fer moltes extraescolars!<\/u><\/strong><\/p>\n<p><a href=\"https:\/\/agora.xtec.cat\/ceip-falba\/wp-content\/uploads\/usu658\/2023\/09\/CONTACTE-AFA.png\"><img loading=\"lazy\" decoding=\"async\" class=\"alignnone size-full wp-image-11563\" src=\"https:\/\/agora.xtec.cat\/ceip-falba\/wp-content\/uploads\/usu658\/2023\/09\/CONTACTE-AFA.png\" alt=\"\" width=\"282\" height=\"193\" \/><\/a><\/p>\n<p>&nbsp;<\/p>\n","protected":false},"excerpt":{"rendered":"<p>EXTRAESCOLARS CURS 20232024<br \/>\nUS RECOMANEM FER LA INSCRIPCI\u00d3 AMB PREVISI\u00d3 PER PODER ANAR TANCANT GRUPS.<\/p>\n<p>Podeu lliurar les inscripcions a les b\u00fasties de l\u2019AFA (a les portes), a la safata del mostrador de l\u2019escola o enviar al correu electr\u00f2nic de l\u2019AFA.<\/p>\n<p>Esperem que us animeu i es puguin fer moltes extraescolars!&hellip;  <a href=\"https:\/\/agora.xtec.cat\/ceip-falba\/portada\/extraescolars-curs-2023-2024\/\" title=\"Read EXTRAESCOLARS CURS 2023-2024\">Llegeix m\u00e9s\u00bb<\/a><\/p>\n","protected":false},"author":6,"featured_media":11564,"comment_status":"closed","ping_status":"closed","sticky":false,"template":"","format":"standard","meta":{"_bbp_topic_count":0,"_bbp_reply_count":0,"_bbp_total_topic_count":0,"_bbp_total_reply_count":0,"_bbp_voice_count":0,"_bbp_anonymous_reply_count":0,"_bbp_topic_count_hidden":0,"_bbp_reply_count_hidden":0,"_bbp_forum_subforum_count":0,"footnotes":""},"categories":[122,7,4],"tags":[489,144,242,39,93],"class_list":["post-11556","post","type-post","status-publish","format-standard","has-post-thumbnail","hentry","category-extraescolars","category-ampa","category-portada","tag-2023-2024","tag-activitats-extraescolars","tag-afa","tag-ampa","tag-extraescolars"],"post_mailing_queue_ids":[],"_links":{"self":[{"href":"https:\/\/agora.xtec.cat\/ceip-falba\/wp-json\/wp\/v2\/posts\/11556","targetHints":{"allow":["GET"]}}],"collection":[{"href":"https:\/\/agora.xtec.cat\/ceip-falba\/wp-json\/wp\/v2\/posts"}],"about":[{"href":"https:\/\/agora.xtec.cat\/ceip-falba\/wp-json\/wp\/v2\/types\/post"}],"author":[{"embeddable":true,"href":"https:\/\/agora.xtec.cat\/ceip-falba\/wp-json\/wp\/v2\/users\/6"}],"replies":[{"embeddable":true,"href":"https:\/\/agora.xtec.cat\/ceip-falba\/wp-json\/wp\/v2\/comments?post=11556"}],"version-history":[{"count":3,"href":"https:\/\/agora.xtec.cat\/ceip-falba\/wp-json\/wp\/v2\/posts\/11556\/revisions"}],"predecessor-version":[{"id":11567,"href":"https:\/\/agora.xtec.cat\/ceip-falba\/wp-json\/wp\/v2\/posts\/11556\/revisions\/11567"}],"wp:featuredmedia":[{"embeddable":true,"href":"https:\/\/agora.xtec.cat\/ceip-falba\/wp-json\/wp\/v2\/media\/11564"}],"wp:attachment":[{"href":"https:\/\/agora.xtec.cat\/ceip-falba\/wp-json\/wp\/v2\/media?parent=11556"}],"wp:term":[{"taxonomy":"category","embeddable":true,"href":"https:\/\/agora.xtec.cat\/ceip-falba\/wp-json\/wp\/v2\/categories?post=11556"},{"taxonomy":"post_tag","embeddable":true,"href":"https:\/\/agora.xtec.cat\/ceip-falba\/wp-json\/wp\/v2\/tags?post=11556"}],"curies":[{"name":"wp","href":"https:\/\/api.w.org\/{rel}","templated":true}]}}