{"id":11508,"date":"2023-06-29T21:00:03","date_gmt":"2023-06-29T19:00:03","guid":{"rendered":"https:\/\/agora.xtec.cat\/ceip-falba\/?p=11508"},"modified":"2023-06-29T21:03:30","modified_gmt":"2023-06-29T19:03:30","slug":"recomanacions-destiu-2","status":"publish","type":"post","link":"https:\/\/agora.xtec.cat\/ceip-falba\/general\/recomanacions-destiu-2\/","title":{"rendered":"Recomanacions d&#8217;estiu"},"content":{"rendered":"<p>Ja estan aqu\u00ed les vacances d&#8217;estiu, sabem que aquestes s\u00f3n per descansar i aprofitar per fer coses que durant el curs no tenim tant de temps de fer. \u00c9s important passar temps en fam\u00edlia, fer activitats a l&#8217;aire lliure, gaudir d&#8217;un bon llibre, de la natura, fer esport&#8230;<br \/>\nUs deixem una proposta de l&#8217;<span class=\"hiddenSpellError\">Edu365<\/span>, &#8220;L&#8217;illa del mussol&#8221;, on trobareu algunes activitats per passar unes vacances d&#8217;aventura.<\/p>\n<p><a href=\"https:\/\/xtec.gencat.cat\/ca\/recursos\/el-taller-de-ledu365\/estiu\/\"><img loading=\"lazy\" decoding=\"async\" class=\" wp-image-11509 aligncenter\" src=\"https:\/\/agora.xtec.cat\/ceip-falba\/wp-content\/uploads\/usu658\/2023\/06\/Captura-de-pantalla-2023-06-29-a-las-20.43.01-1024x439.png\" alt=\"\" width=\"536\" height=\"230\" srcset=\"https:\/\/agora.xtec.cat\/ceip-falba\/wp-content\/uploads\/usu658\/2023\/06\/Captura-de-pantalla-2023-06-29-a-las-20.43.01-1024x439.png 1024w, https:\/\/agora.xtec.cat\/ceip-falba\/wp-content\/uploads\/usu658\/2023\/06\/Captura-de-pantalla-2023-06-29-a-las-20.43.01-300x128.png 300w, https:\/\/agora.xtec.cat\/ceip-falba\/wp-content\/uploads\/usu658\/2023\/06\/Captura-de-pantalla-2023-06-29-a-las-20.43.01-768x329.png 768w, https:\/\/agora.xtec.cat\/ceip-falba\/wp-content\/uploads\/usu658\/2023\/06\/Captura-de-pantalla-2023-06-29-a-las-20.43.01-1536x658.png 1536w, https:\/\/agora.xtec.cat\/ceip-falba\/wp-content\/uploads\/usu658\/2023\/06\/Captura-de-pantalla-2023-06-29-a-las-20.43.01-2048x877.png 2048w\" sizes=\"auto, (max-width: 536px) 100vw, 536px\" \/><\/a><\/p>\n","protected":false},"excerpt":{"rendered":"<p>Ja estan aqu\u00ed les vacances d&#8217;estiu, sabem que aquestes s\u00f3n per descansar i aprofitar per fer coses que durant el curs no tenim tant de temps de fer. \u00c9s important passar temps en fam\u00edlia, fer activitats a l&#8217;aire lliure, gaudir d&#8217;un bon llibre, de la&hellip;  <a href=\"https:\/\/agora.xtec.cat\/ceip-falba\/general\/recomanacions-destiu-2\/\" title=\"Read Recomanacions d&#8217;estiu\">Llegeix m\u00e9s\u00bb<\/a><\/p>\n","protected":false},"author":96,"featured_media":11511,"comment_status":"closed","ping_status":"closed","sticky":false,"template":"","format":"standard","meta":{"_bbp_topic_count":0,"_bbp_reply_count":0,"_bbp_total_topic_count":0,"_bbp_total_reply_count":0,"_bbp_voice_count":0,"_bbp_anonymous_reply_count":0,"_bbp_topic_count_hidden":0,"_bbp_reply_count_hidden":0,"_bbp_forum_subforum_count":0,"footnotes":""},"categories":[434,1,4,5],"tags":[],"class_list":["post-11508","post","type-post","status-publish","format-standard","has-post-thumbnail","hentry","category-curs-2022-2023","category-general","category-portada","category-primaria"],"post_mailing_queue_ids":[],"_links":{"self":[{"href":"https:\/\/agora.xtec.cat\/ceip-falba\/wp-json\/wp\/v2\/posts\/11508","targetHints":{"allow":["GET"]}}],"collection":[{"href":"https:\/\/agora.xtec.cat\/ceip-falba\/wp-json\/wp\/v2\/posts"}],"about":[{"href":"https:\/\/agora.xtec.cat\/ceip-falba\/wp-json\/wp\/v2\/types\/post"}],"author":[{"embeddable":true,"href":"https:\/\/agora.xtec.cat\/ceip-falba\/wp-json\/wp\/v2\/users\/96"}],"replies":[{"embeddable":true,"href":"https:\/\/agora.xtec.cat\/ceip-falba\/wp-json\/wp\/v2\/comments?post=11508"}],"version-history":[{"count":1,"href":"https:\/\/agora.xtec.cat\/ceip-falba\/wp-json\/wp\/v2\/posts\/11508\/revisions"}],"predecessor-version":[{"id":11510,"href":"https:\/\/agora.xtec.cat\/ceip-falba\/wp-json\/wp\/v2\/posts\/11508\/revisions\/11510"}],"wp:featuredmedia":[{"embeddable":true,"href":"https:\/\/agora.xtec.cat\/ceip-falba\/wp-json\/wp\/v2\/media\/11511"}],"wp:attachment":[{"href":"https:\/\/agora.xtec.cat\/ceip-falba\/wp-json\/wp\/v2\/media?parent=11508"}],"wp:term":[{"taxonomy":"category","embeddable":true,"href":"https:\/\/agora.xtec.cat\/ceip-falba\/wp-json\/wp\/v2\/categories?post=11508"},{"taxonomy":"post_tag","embeddable":true,"href":"https:\/\/agora.xtec.cat\/ceip-falba\/wp-json\/wp\/v2\/tags?post=11508"}],"curies":[{"name":"wp","href":"https:\/\/api.w.org\/{rel}","templated":true}]}}