{"id":11488,"date":"2023-06-21T17:14:29","date_gmt":"2023-06-21T15:14:29","guid":{"rendered":"https:\/\/agora.xtec.cat\/ceip-falba\/?p=11488"},"modified":"2023-06-21T17:16:55","modified_gmt":"2023-06-21T15:16:55","slug":"canvi-detapa-i5-a-1er","status":"publish","type":"post","link":"https:\/\/agora.xtec.cat\/ceip-falba\/infantil\/canvi-detapa-i5-a-1er\/","title":{"rendered":"CANVI D&#8217;ETAPA (I5 A 1ER)"},"content":{"rendered":"<p>Fa dies que els nens i nenes de la classe de les Flors de i5 a les diferents converses que es porten a terme a l&#8217;assemblea, ens fem preguntes de com ser\u00e0 la nostra nova etapa, l&#8217;educaci\u00f3 prim\u00e0ria. Ens hem fet grans i el curs vinent passem a 1er. Alguns i algunes de nosaltres estem il\u00b7lusionats i il\u00b7lusionades perqu\u00e8 ens hem fet grans, altres, tenim encara una mica de por pel que passar\u00e0. Per\u00f2 estem segurs i segures que ens anir\u00e0 genial. Hem anat a visitar l&#8217;aula de 1er . Els nostres companys i companyes, amb la seva tutora ens han explicat qu\u00e8 farem, com treballarem, qu\u00e8 aprendrem&#8230;<\/p>\n<p>JA QUEDA BEN POC! UN NOU REPTE US ESPERA! SOM-HI! \ud83d\ude42<\/p>\n<p><a href=\"https:\/\/agora.xtec.cat\/ceip-falba\/wp-content\/uploads\/usu658\/2023\/06\/241668f0-bb09-4dde-b9dc-6037e3b17eef.jpg\"><img loading=\"lazy\" decoding=\"async\" class=\"alignnone size-large wp-image-11490\" src=\"https:\/\/agora.xtec.cat\/ceip-falba\/wp-content\/uploads\/usu658\/2023\/06\/241668f0-bb09-4dde-b9dc-6037e3b17eef-1024x768.jpg\" alt=\"\" width=\"1024\" height=\"768\" srcset=\"https:\/\/agora.xtec.cat\/ceip-falba\/wp-content\/uploads\/usu658\/2023\/06\/241668f0-bb09-4dde-b9dc-6037e3b17eef-1024x768.jpg 1024w, https:\/\/agora.xtec.cat\/ceip-falba\/wp-content\/uploads\/usu658\/2023\/06\/241668f0-bb09-4dde-b9dc-6037e3b17eef-300x225.jpg 300w, https:\/\/agora.xtec.cat\/ceip-falba\/wp-content\/uploads\/usu658\/2023\/06\/241668f0-bb09-4dde-b9dc-6037e3b17eef-768x576.jpg 768w, https:\/\/agora.xtec.cat\/ceip-falba\/wp-content\/uploads\/usu658\/2023\/06\/241668f0-bb09-4dde-b9dc-6037e3b17eef-1536x1152.jpg 1536w, https:\/\/agora.xtec.cat\/ceip-falba\/wp-content\/uploads\/usu658\/2023\/06\/241668f0-bb09-4dde-b9dc-6037e3b17eef-200x150.jpg 200w, https:\/\/agora.xtec.cat\/ceip-falba\/wp-content\/uploads\/usu658\/2023\/06\/241668f0-bb09-4dde-b9dc-6037e3b17eef.jpg 1600w\" sizes=\"auto, (max-width: 1024px) 100vw, 1024px\" \/><\/a> <a href=\"https:\/\/agora.xtec.cat\/ceip-falba\/wp-content\/uploads\/usu658\/2023\/06\/14432757-7db6-4b5b-aa0a-c07fe300b6cc.jpg\"><img loading=\"lazy\" decoding=\"async\" class=\"alignnone size-large wp-image-11491\" src=\"https:\/\/agora.xtec.cat\/ceip-falba\/wp-content\/uploads\/usu658\/2023\/06\/14432757-7db6-4b5b-aa0a-c07fe300b6cc-1024x768.jpg\" alt=\"\" width=\"1024\" height=\"768\" srcset=\"https:\/\/agora.xtec.cat\/ceip-falba\/wp-content\/uploads\/usu658\/2023\/06\/14432757-7db6-4b5b-aa0a-c07fe300b6cc-1024x768.jpg 1024w, https:\/\/agora.xtec.cat\/ceip-falba\/wp-content\/uploads\/usu658\/2023\/06\/14432757-7db6-4b5b-aa0a-c07fe300b6cc-300x225.jpg 300w, https:\/\/agora.xtec.cat\/ceip-falba\/wp-content\/uploads\/usu658\/2023\/06\/14432757-7db6-4b5b-aa0a-c07fe300b6cc-768x576.jpg 768w, https:\/\/agora.xtec.cat\/ceip-falba\/wp-content\/uploads\/usu658\/2023\/06\/14432757-7db6-4b5b-aa0a-c07fe300b6cc-1536x1152.jpg 1536w, https:\/\/agora.xtec.cat\/ceip-falba\/wp-content\/uploads\/usu658\/2023\/06\/14432757-7db6-4b5b-aa0a-c07fe300b6cc-200x150.jpg 200w, https:\/\/agora.xtec.cat\/ceip-falba\/wp-content\/uploads\/usu658\/2023\/06\/14432757-7db6-4b5b-aa0a-c07fe300b6cc.jpg 1600w\" sizes=\"auto, (max-width: 1024px) 100vw, 1024px\" \/><\/a><\/p>\n<p>&nbsp;<\/p>\n","protected":false},"excerpt":{"rendered":"<p>Fa dies que els nens i nenes de la classe de les Flors de i5 a les diferents converses que es porten a terme a l&#8217;assemblea, ens fem preguntes de com ser\u00e0 la nostra nova etapa, l&#8217;educaci\u00f3 prim\u00e0ria. Ens hem fet grans i el curs&hellip;  <a href=\"https:\/\/agora.xtec.cat\/ceip-falba\/infantil\/canvi-detapa-i5-a-1er\/\" title=\"Read CANVI D&#8217;ETAPA (I5 A 1ER)\">Llegeix m\u00e9s\u00bb<\/a><\/p>\n","protected":false},"author":71,"featured_media":11489,"comment_status":"closed","ping_status":"closed","sticky":false,"template":"","format":"standard","meta":{"_bbp_topic_count":0,"_bbp_reply_count":0,"_bbp_total_topic_count":0,"_bbp_total_reply_count":0,"_bbp_voice_count":0,"_bbp_anonymous_reply_count":0,"_bbp_topic_count_hidden":0,"_bbp_reply_count_hidden":0,"_bbp_forum_subforum_count":0,"footnotes":""},"categories":[10,434,9,2,4],"tags":[],"class_list":["post-11488","post","type-post","status-publish","format-standard","has-post-thumbnail","hentry","category-1r","category-curs-2022-2023","category-p5","category-infantil","category-portada"],"post_mailing_queue_ids":[],"_links":{"self":[{"href":"https:\/\/agora.xtec.cat\/ceip-falba\/wp-json\/wp\/v2\/posts\/11488","targetHints":{"allow":["GET"]}}],"collection":[{"href":"https:\/\/agora.xtec.cat\/ceip-falba\/wp-json\/wp\/v2\/posts"}],"about":[{"href":"https:\/\/agora.xtec.cat\/ceip-falba\/wp-json\/wp\/v2\/types\/post"}],"author":[{"embeddable":true,"href":"https:\/\/agora.xtec.cat\/ceip-falba\/wp-json\/wp\/v2\/users\/71"}],"replies":[{"embeddable":true,"href":"https:\/\/agora.xtec.cat\/ceip-falba\/wp-json\/wp\/v2\/comments?post=11488"}],"version-history":[{"count":2,"href":"https:\/\/agora.xtec.cat\/ceip-falba\/wp-json\/wp\/v2\/posts\/11488\/revisions"}],"predecessor-version":[{"id":11493,"href":"https:\/\/agora.xtec.cat\/ceip-falba\/wp-json\/wp\/v2\/posts\/11488\/revisions\/11493"}],"wp:featuredmedia":[{"embeddable":true,"href":"https:\/\/agora.xtec.cat\/ceip-falba\/wp-json\/wp\/v2\/media\/11489"}],"wp:attachment":[{"href":"https:\/\/agora.xtec.cat\/ceip-falba\/wp-json\/wp\/v2\/media?parent=11488"}],"wp:term":[{"taxonomy":"category","embeddable":true,"href":"https:\/\/agora.xtec.cat\/ceip-falba\/wp-json\/wp\/v2\/categories?post=11488"},{"taxonomy":"post_tag","embeddable":true,"href":"https:\/\/agora.xtec.cat\/ceip-falba\/wp-json\/wp\/v2\/tags?post=11488"}],"curies":[{"name":"wp","href":"https:\/\/api.w.org\/{rel}","templated":true}]}}