{"id":11483,"date":"2023-06-21T16:58:37","date_gmt":"2023-06-21T14:58:37","guid":{"rendered":"https:\/\/agora.xtec.cat\/ceip-falba\/?p=11483"},"modified":"2023-12-02T12:33:12","modified_gmt":"2023-12-02T11:33:12","slug":"i5-investigacio-de-les-flors","status":"publish","type":"post","link":"https:\/\/agora.xtec.cat\/ceip-falba\/general\/i5-investigacio-de-les-flors\/","title":{"rendered":"I5- Investigaci\u00f3 de les Flors"},"content":{"rendered":"<p>La classe de les flors hem estat treballant i investigant sobre el projecte de les flors, aprofitant el nom de la classe. Durant aquest temps hem observat, experimentat i apr\u00e8s aspectes relacionats de les flors: com s\u00f3n, les seves parts, qu\u00e8 necessiten, hem tastat alguna flor, hem plantat i hem observat el seu proc\u00e9s i la seva evoluci\u00f3: quant han crescut, qu\u00e8 necessiten, per qu\u00e8 algunes no han germinat&#8230; i les hem trasplantat al nostre hort.<\/p>\n<p>Tamb\u00e9 hem observat el nostre entorn proper i amb les lupes hem parat atenci\u00f3 d&#8217;on podem trobar flors; i hem vist l&#8217;evoluci\u00f3 de l&#8217;Ametller del pati, analitzant les seves parts i la seva flor. Per finalitzar hem fet una exposici\u00f3 oral explicant els continguts treballats al llarg d&#8217;aquest projecte i hem fet un mapa conceptual.<\/p>\n<p><em>Aprenem jugant, juguem aprenent!<\/em><\/p>\n<p><a href=\"https:\/\/photos.app.goo.gl\/95eoDgBGqLCnGpHz7\"><strong><em>AQU\u00cd us deixo les fotografies de tot aquest proc\u00e9s!\u00a0<\/em><\/strong><\/a><\/p>\n<p><a href=\"https:\/\/agora.xtec.cat\/ceip-falba\/wp-content\/uploads\/usu658\/2023\/06\/IMG_6042.jpg\"><img loading=\"lazy\" decoding=\"async\" class=\"alignnone size-large wp-image-11484\" src=\"https:\/\/agora.xtec.cat\/ceip-falba\/wp-content\/uploads\/usu658\/2023\/06\/IMG_6042-1024x768.jpg\" alt=\"\" width=\"1024\" height=\"768\" srcset=\"https:\/\/agora.xtec.cat\/ceip-falba\/wp-content\/uploads\/usu658\/2023\/06\/IMG_6042-1024x768.jpg 1024w, https:\/\/agora.xtec.cat\/ceip-falba\/wp-content\/uploads\/usu658\/2023\/06\/IMG_6042-300x225.jpg 300w, https:\/\/agora.xtec.cat\/ceip-falba\/wp-content\/uploads\/usu658\/2023\/06\/IMG_6042-768x576.jpg 768w, https:\/\/agora.xtec.cat\/ceip-falba\/wp-content\/uploads\/usu658\/2023\/06\/IMG_6042-1536x1152.jpg 1536w, https:\/\/agora.xtec.cat\/ceip-falba\/wp-content\/uploads\/usu658\/2023\/06\/IMG_6042-200x150.jpg 200w, https:\/\/agora.xtec.cat\/ceip-falba\/wp-content\/uploads\/usu658\/2023\/06\/IMG_6042.jpg 2016w\" sizes=\"auto, (max-width: 1024px) 100vw, 1024px\" \/><\/a><\/p>\n","protected":false},"excerpt":{"rendered":"<p>La classe de les flors hem estat treballant i investigant sobre el projecte de les flors, aprofitant el nom de la classe. Durant aquest temps hem observat, experimentat i apr\u00e8s aspectes relacionats de les flors: com s\u00f3n, les seves parts, qu\u00e8 necessiten, hem tastat alguna&hellip;  <a href=\"https:\/\/agora.xtec.cat\/ceip-falba\/general\/i5-investigacio-de-les-flors\/\" title=\"Read I5- Investigaci\u00f3 de les Flors\">Llegeix m\u00e9s\u00bb<\/a><\/p>\n","protected":false},"author":71,"featured_media":11484,"comment_status":"closed","ping_status":"closed","sticky":false,"template":"","format":"standard","meta":{"_bbp_topic_count":0,"_bbp_reply_count":0,"_bbp_total_topic_count":0,"_bbp_total_reply_count":0,"_bbp_voice_count":0,"_bbp_anonymous_reply_count":0,"_bbp_topic_count_hidden":0,"_bbp_reply_count_hidden":0,"_bbp_forum_subforum_count":0,"footnotes":""},"categories":[340,434,1,9,2,4],"tags":[],"class_list":["post-11483","post","type-post","status-publish","format-standard","has-post-thumbnail","hentry","category-comunitat-de-petits","category-curs-2022-2023","category-general","category-p5","category-infantil","category-portada"],"post_mailing_queue_ids":[],"_links":{"self":[{"href":"https:\/\/agora.xtec.cat\/ceip-falba\/wp-json\/wp\/v2\/posts\/11483","targetHints":{"allow":["GET"]}}],"collection":[{"href":"https:\/\/agora.xtec.cat\/ceip-falba\/wp-json\/wp\/v2\/posts"}],"about":[{"href":"https:\/\/agora.xtec.cat\/ceip-falba\/wp-json\/wp\/v2\/types\/post"}],"author":[{"embeddable":true,"href":"https:\/\/agora.xtec.cat\/ceip-falba\/wp-json\/wp\/v2\/users\/71"}],"replies":[{"embeddable":true,"href":"https:\/\/agora.xtec.cat\/ceip-falba\/wp-json\/wp\/v2\/comments?post=11483"}],"version-history":[{"count":3,"href":"https:\/\/agora.xtec.cat\/ceip-falba\/wp-json\/wp\/v2\/posts\/11483\/revisions"}],"predecessor-version":[{"id":11886,"href":"https:\/\/agora.xtec.cat\/ceip-falba\/wp-json\/wp\/v2\/posts\/11483\/revisions\/11886"}],"wp:featuredmedia":[{"embeddable":true,"href":"https:\/\/agora.xtec.cat\/ceip-falba\/wp-json\/wp\/v2\/media\/11484"}],"wp:attachment":[{"href":"https:\/\/agora.xtec.cat\/ceip-falba\/wp-json\/wp\/v2\/media?parent=11483"}],"wp:term":[{"taxonomy":"category","embeddable":true,"href":"https:\/\/agora.xtec.cat\/ceip-falba\/wp-json\/wp\/v2\/categories?post=11483"},{"taxonomy":"post_tag","embeddable":true,"href":"https:\/\/agora.xtec.cat\/ceip-falba\/wp-json\/wp\/v2\/tags?post=11483"}],"curies":[{"name":"wp","href":"https:\/\/api.w.org\/{rel}","templated":true}]}}