{"id":11472,"date":"2023-06-21T13:47:21","date_gmt":"2023-06-21T11:47:21","guid":{"rendered":"https:\/\/agora.xtec.cat\/ceip-falba\/?p=11472"},"modified":"2023-06-21T13:47:21","modified_gmt":"2023-06-21T11:47:21","slug":"font-de-noticies-no-788","status":"publish","type":"post","link":"https:\/\/agora.xtec.cat\/ceip-falba\/general\/font-de-noticies-no-788\/","title":{"rendered":"Font de Not\u00edcies n\u00ba 788"},"content":{"rendered":"<p><a href=\"https:\/\/drive.google.com\/file\/d\/1UBziIoYHzmxx3tETBHIv2r4Plic0j-X9\/view?usp=sharing\"><img loading=\"lazy\" decoding=\"async\" class=\"aligncenter wp-image-11473 size-full\" src=\"https:\/\/agora.xtec.cat\/ceip-falba\/wp-content\/uploads\/usu658\/2023\/06\/788.png\" alt=\"\" width=\"787\" height=\"627\" srcset=\"https:\/\/agora.xtec.cat\/ceip-falba\/wp-content\/uploads\/usu658\/2023\/06\/788.png 787w, https:\/\/agora.xtec.cat\/ceip-falba\/wp-content\/uploads\/usu658\/2023\/06\/788-300x239.png 300w, https:\/\/agora.xtec.cat\/ceip-falba\/wp-content\/uploads\/usu658\/2023\/06\/788-768x612.png 768w\" sizes=\"auto, (max-width: 787px) 100vw, 787px\" \/><\/a><\/p>\n","protected":false},"excerpt":{"rendered":"<p>L&#8217;\u00faltim Font de Not\u00edcies del curs us informa del projecte d&#8217;infusions que iniciarem amb el Centre Tecnol\u00f2gic Leitat. Tamb\u00e9 hem adjuntat informaci\u00f3 sobre el val de 100\u20ac per l&#8217;alumnat de prim\u00e0ria, entre d&#8217;altres not\u00edcies.&hellip;  <a href=\"https:\/\/agora.xtec.cat\/ceip-falba\/general\/font-de-noticies-no-788\/\" title=\"Read Font de Not\u00edcies n\u00ba 788\">Llegeix m\u00e9s\u00bb<\/a><\/p>\n","protected":false},"author":1,"featured_media":11473,"comment_status":"closed","ping_status":"closed","sticky":false,"template":"","format":"standard","meta":{"_bbp_topic_count":0,"_bbp_reply_count":0,"_bbp_total_topic_count":0,"_bbp_total_reply_count":0,"_bbp_voice_count":0,"_bbp_anonymous_reply_count":0,"_bbp_topic_count_hidden":0,"_bbp_reply_count_hidden":0,"_bbp_forum_subforum_count":0,"footnotes":""},"categories":[434,49,1,4,25,454,272,470],"tags":[],"class_list":["post-11472","post","type-post","status-publish","format-standard","has-post-thumbnail","hentry","category-curs-2022-2023","category-font-de-noticies","category-general","category-portada","category-projectesescola","category-projectes-dinvestigacions","category-sostenibilitat-planeta","category-tecnologies"],"post_mailing_queue_ids":[],"_links":{"self":[{"href":"https:\/\/agora.xtec.cat\/ceip-falba\/wp-json\/wp\/v2\/posts\/11472","targetHints":{"allow":["GET"]}}],"collection":[{"href":"https:\/\/agora.xtec.cat\/ceip-falba\/wp-json\/wp\/v2\/posts"}],"about":[{"href":"https:\/\/agora.xtec.cat\/ceip-falba\/wp-json\/wp\/v2\/types\/post"}],"author":[{"embeddable":true,"href":"https:\/\/agora.xtec.cat\/ceip-falba\/wp-json\/wp\/v2\/users\/1"}],"replies":[{"embeddable":true,"href":"https:\/\/agora.xtec.cat\/ceip-falba\/wp-json\/wp\/v2\/comments?post=11472"}],"version-history":[{"count":2,"href":"https:\/\/agora.xtec.cat\/ceip-falba\/wp-json\/wp\/v2\/posts\/11472\/revisions"}],"predecessor-version":[{"id":11475,"href":"https:\/\/agora.xtec.cat\/ceip-falba\/wp-json\/wp\/v2\/posts\/11472\/revisions\/11475"}],"wp:featuredmedia":[{"embeddable":true,"href":"https:\/\/agora.xtec.cat\/ceip-falba\/wp-json\/wp\/v2\/media\/11473"}],"wp:attachment":[{"href":"https:\/\/agora.xtec.cat\/ceip-falba\/wp-json\/wp\/v2\/media?parent=11472"}],"wp:term":[{"taxonomy":"category","embeddable":true,"href":"https:\/\/agora.xtec.cat\/ceip-falba\/wp-json\/wp\/v2\/categories?post=11472"},{"taxonomy":"post_tag","embeddable":true,"href":"https:\/\/agora.xtec.cat\/ceip-falba\/wp-json\/wp\/v2\/tags?post=11472"}],"curies":[{"name":"wp","href":"https:\/\/api.w.org\/{rel}","templated":true}]}}