{"id":11418,"date":"2023-06-02T13:35:34","date_gmt":"2023-06-02T11:35:34","guid":{"rendered":"https:\/\/agora.xtec.cat\/ceip-falba\/?p=11418"},"modified":"2023-06-02T13:38:57","modified_gmt":"2023-06-02T11:38:57","slug":"com-viuen-les-girafes","status":"publish","type":"post","link":"https:\/\/agora.xtec.cat\/ceip-falba\/infantil\/p3\/com-viuen-les-girafes\/","title":{"rendered":"Projecte I3: Com viuen les girafes?"},"content":{"rendered":"<p>Continuem investigant sobre les girafes&#8230; aquesta setmana hem descobert que\u00a0s\u00f3n\u00a0animals sociables que viuen amb fam\u00edlia, com nosaltres!!! Aix\u00ed que hem decidit fer la nostra pr\u00f2pia fam\u00edlia de girafes, esperem que us hagin agradat molt!<br \/>\n<a href=\"https:\/\/agora.xtec.cat\/ceip-falba\/wp-content\/uploads\/usu658\/2023\/06\/1685705058441a.jpg\"><img loading=\"lazy\" decoding=\"async\" class=\"wp-image-11419 aligncenter\" src=\"https:\/\/agora.xtec.cat\/ceip-falba\/wp-content\/uploads\/usu658\/2023\/06\/1685705058441a.jpg\" alt=\"\" width=\"377\" height=\"150\" srcset=\"https:\/\/agora.xtec.cat\/ceip-falba\/wp-content\/uploads\/usu658\/2023\/06\/1685705058441a.jpg 545w, https:\/\/agora.xtec.cat\/ceip-falba\/wp-content\/uploads\/usu658\/2023\/06\/1685705058441a-300x119.jpg 300w\" sizes=\"auto, (max-width: 377px) 100vw, 377px\" \/><\/a><br \/>\nContinuarem&#8230;<\/p>\n","protected":false},"excerpt":{"rendered":"<p>Continuem investigant sobre les girafes&#8230; aquesta setmana hem descobert que\u00a0s\u00f3n\u00a0animals sociables que viuen amb fam\u00edlia, com nosaltres!!! Aix\u00ed que hem decidit fer la nostra pr\u00f2pia fam\u00edlia de girafes, esperem que us hagin agradat molt!<br \/>\n<a href=\"https:\/\/agora.xtec.cat\/ceip-falba\/wp-content\/uploads\/usu658\/2023\/06\/1685705058441a.jpg\"><\/a><br \/>\nContinuarem&#8230;<\/p>\n","protected":false},"author":1,"featured_media":11419,"comment_status":"closed","ping_status":"closed","sticky":false,"template":"","format":"standard","meta":{"_bbp_topic_count":0,"_bbp_reply_count":0,"_bbp_total_topic_count":0,"_bbp_total_reply_count":0,"_bbp_voice_count":0,"_bbp_anonymous_reply_count":0,"_bbp_topic_count_hidden":0,"_bbp_reply_count_hidden":0,"_bbp_forum_subforum_count":0,"footnotes":""},"categories":[340,434,3,4,454],"tags":[],"class_list":["post-11418","post","type-post","status-publish","format-standard","has-post-thumbnail","hentry","category-comunitat-de-petits","category-curs-2022-2023","category-p3","category-portada","category-projectes-dinvestigacions"],"post_mailing_queue_ids":[],"_links":{"self":[{"href":"https:\/\/agora.xtec.cat\/ceip-falba\/wp-json\/wp\/v2\/posts\/11418","targetHints":{"allow":["GET"]}}],"collection":[{"href":"https:\/\/agora.xtec.cat\/ceip-falba\/wp-json\/wp\/v2\/posts"}],"about":[{"href":"https:\/\/agora.xtec.cat\/ceip-falba\/wp-json\/wp\/v2\/types\/post"}],"author":[{"embeddable":true,"href":"https:\/\/agora.xtec.cat\/ceip-falba\/wp-json\/wp\/v2\/users\/1"}],"replies":[{"embeddable":true,"href":"https:\/\/agora.xtec.cat\/ceip-falba\/wp-json\/wp\/v2\/comments?post=11418"}],"version-history":[{"count":2,"href":"https:\/\/agora.xtec.cat\/ceip-falba\/wp-json\/wp\/v2\/posts\/11418\/revisions"}],"predecessor-version":[{"id":11421,"href":"https:\/\/agora.xtec.cat\/ceip-falba\/wp-json\/wp\/v2\/posts\/11418\/revisions\/11421"}],"wp:featuredmedia":[{"embeddable":true,"href":"https:\/\/agora.xtec.cat\/ceip-falba\/wp-json\/wp\/v2\/media\/11419"}],"wp:attachment":[{"href":"https:\/\/agora.xtec.cat\/ceip-falba\/wp-json\/wp\/v2\/media?parent=11418"}],"wp:term":[{"taxonomy":"category","embeddable":true,"href":"https:\/\/agora.xtec.cat\/ceip-falba\/wp-json\/wp\/v2\/categories?post=11418"},{"taxonomy":"post_tag","embeddable":true,"href":"https:\/\/agora.xtec.cat\/ceip-falba\/wp-json\/wp\/v2\/tags?post=11418"}],"curies":[{"name":"wp","href":"https:\/\/api.w.org\/{rel}","templated":true}]}}