{"id":11379,"date":"2023-05-05T13:14:47","date_gmt":"2023-05-05T11:14:47","guid":{"rendered":"https:\/\/agora.xtec.cat\/ceip-falba\/?p=11379"},"modified":"2023-12-02T11:49:11","modified_gmt":"2023-12-02T10:49:11","slug":"i3-projecte-girafes-quant-mesuren","status":"publish","type":"post","link":"https:\/\/agora.xtec.cat\/ceip-falba\/infantil\/i3-projecte-girafes-quant-mesuren\/","title":{"rendered":"I3: Projecte girafes, quant mesuren?"},"content":{"rendered":"<p><img loading=\"lazy\" decoding=\"async\" class=\"aligncenter size-full wp-image-11383\" src=\"https:\/\/agora.xtec.cat\/ceip-falba\/wp-content\/uploads\/usu658\/2023\/05\/JIRAFES.jpg\" alt=\"\" width=\"2048\" height=\"1152\" srcset=\"https:\/\/agora.xtec.cat\/ceip-falba\/wp-content\/uploads\/usu658\/2023\/05\/JIRAFES.jpg 2048w, https:\/\/agora.xtec.cat\/ceip-falba\/wp-content\/uploads\/usu658\/2023\/05\/JIRAFES-300x169.jpg 300w, https:\/\/agora.xtec.cat\/ceip-falba\/wp-content\/uploads\/usu658\/2023\/05\/JIRAFES-1024x576.jpg 1024w, https:\/\/agora.xtec.cat\/ceip-falba\/wp-content\/uploads\/usu658\/2023\/05\/JIRAFES-768x432.jpg 768w, https:\/\/agora.xtec.cat\/ceip-falba\/wp-content\/uploads\/usu658\/2023\/05\/JIRAFES-1536x864.jpg 1536w\" sizes=\"auto, (max-width: 2048px) 100vw, 2048px\" \/><\/p>\n<p>Hola, fam\u00edlies!<\/p>\n<p>Aquesta setmana hem apr\u00e8s m\u00e9s coses sobre el nostre projecte de les girafes&#8230; Ja sabem contestar a les seg\u00fcents preguntes&#8230;<br \/>\nSabeu quant mesuren les girafes adultes?, i el seu coll?<\/p>\n<p>Abans de respondre aquestes preguntes hem fet una mica d&#8217;investigaci\u00f3 i hem descobert que la girafa \u00e9s l&#8217;animal m\u00e9s gran del m\u00f3n! Si si del m\u00f3n sencer!!! Fins a 5 mestres d&#8217;al\u00e7ada, aix\u00f2 \u00e9s gaireb\u00e9 5 nens o nenes posats un darrere de l&#8217;altre. Per aix\u00f2 hem posat a terra l&#8217;al\u00e7ada d&#8217;una girafa i hem anat posant nens i nenes per comprovar per nosaltres mateixos, que s\u00ed que s\u00f3n altes les girafes&#8230;Per acabar ens hem mesurat a nosaltres mateixos&#8230;<\/p>\n<p><strong>Fotos aqu\u00ed \ud83d\udc47<\/strong><\/p>\n<p><a href=\"https:\/\/photos.app.goo.gl\/N94X6ZXjT596XaQw5\">VEURE FOTOS AQU\u00cd<\/a><\/p>\n<p>Pares, mares, tiets, tietes, avis, \u00e0vies&#8230; No us preocupeu, encara ens falta molt per arribar a ser tan alt\/a com una girafa!<\/p>\n<p>Ah, per cert&#8230; El coll d&#8217;una girafa \u00e9s 3 vegades un nen o nena un a sobre de l&#8217;altre.<\/p>\n<p>Continuem investigant&#8230; on viuen?, que mengen?, quins s\u00f3n els seus depredadors?, i els seus amics?&#8230;Estigueu atents i atentes a la web de l&#8217;escola on anirem descobrim aquestes inc\u00f2gnites i algunes m\u00e9s&#8230;<\/p>\n<p>&nbsp;<\/p>\n","protected":false},"excerpt":{"rendered":"<p>Hola, fam\u00edlies!<br \/>\nAquesta setmana hem apr\u00e8s m\u00e9s coses sobre el nostre projecte de les girafes&#8230; Ja sabem contestar a les seg\u00fcents preguntes&#8230;<br \/>\nSabeu quant mesuren les girafes adultes?, i el seu coll?<br \/>\nAbans de respondre aquestes preguntes hem fet una mica d&#8217;investigaci\u00f3 i hem descobert que la girafa&hellip;  <a href=\"https:\/\/agora.xtec.cat\/ceip-falba\/infantil\/i3-projecte-girafes-quant-mesuren\/\" title=\"Read I3: Projecte girafes, quant mesuren?\">Llegeix m\u00e9s\u00bb<\/a><\/p>\n","protected":false},"author":1,"featured_media":11383,"comment_status":"closed","ping_status":"closed","sticky":false,"template":"","format":"standard","meta":{"_bbp_topic_count":0,"_bbp_reply_count":0,"_bbp_total_topic_count":0,"_bbp_total_reply_count":0,"_bbp_voice_count":0,"_bbp_anonymous_reply_count":0,"_bbp_topic_count_hidden":0,"_bbp_reply_count_hidden":0,"_bbp_forum_subforum_count":0,"footnotes":""},"categories":[340,434,3,2,4,454],"tags":[],"class_list":["post-11379","post","type-post","status-publish","format-standard","has-post-thumbnail","hentry","category-comunitat-de-petits","category-curs-2022-2023","category-p3","category-infantil","category-portada","category-projectes-dinvestigacions"],"post_mailing_queue_ids":[],"_links":{"self":[{"href":"https:\/\/agora.xtec.cat\/ceip-falba\/wp-json\/wp\/v2\/posts\/11379","targetHints":{"allow":["GET"]}}],"collection":[{"href":"https:\/\/agora.xtec.cat\/ceip-falba\/wp-json\/wp\/v2\/posts"}],"about":[{"href":"https:\/\/agora.xtec.cat\/ceip-falba\/wp-json\/wp\/v2\/types\/post"}],"author":[{"embeddable":true,"href":"https:\/\/agora.xtec.cat\/ceip-falba\/wp-json\/wp\/v2\/users\/1"}],"replies":[{"embeddable":true,"href":"https:\/\/agora.xtec.cat\/ceip-falba\/wp-json\/wp\/v2\/comments?post=11379"}],"version-history":[{"count":4,"href":"https:\/\/agora.xtec.cat\/ceip-falba\/wp-json\/wp\/v2\/posts\/11379\/revisions"}],"predecessor-version":[{"id":11857,"href":"https:\/\/agora.xtec.cat\/ceip-falba\/wp-json\/wp\/v2\/posts\/11379\/revisions\/11857"}],"wp:featuredmedia":[{"embeddable":true,"href":"https:\/\/agora.xtec.cat\/ceip-falba\/wp-json\/wp\/v2\/media\/11383"}],"wp:attachment":[{"href":"https:\/\/agora.xtec.cat\/ceip-falba\/wp-json\/wp\/v2\/media?parent=11379"}],"wp:term":[{"taxonomy":"category","embeddable":true,"href":"https:\/\/agora.xtec.cat\/ceip-falba\/wp-json\/wp\/v2\/categories?post=11379"},{"taxonomy":"post_tag","embeddable":true,"href":"https:\/\/agora.xtec.cat\/ceip-falba\/wp-json\/wp\/v2\/tags?post=11379"}],"curies":[{"name":"wp","href":"https:\/\/api.w.org\/{rel}","templated":true}]}}