{"id":11333,"date":"2023-04-18T12:28:24","date_gmt":"2023-04-18T10:28:24","guid":{"rendered":"https:\/\/agora.xtec.cat\/ceip-falba\/?p=11333"},"modified":"2023-04-24T12:39:12","modified_gmt":"2023-04-24T10:39:12","slug":"anem-a-coneixer-lobra-de-oswald-aulestia","status":"publish","type":"post","link":"https:\/\/agora.xtec.cat\/ceip-falba\/general\/anem-a-coneixer-lobra-de-oswald-aulestia\/","title":{"rendered":"Anem a con\u00e8ixer l&#8217;obra de Oswald Aulestia"},"content":{"rendered":"<p>El passat 13 d&#8217;abril, l&#8217;alumnat de 5\u00e8 va anar a veure l&#8217;obra de l&#8217;artista barcelon\u00ed Oswald Aulestia, un dels principals representatnts del PopArt a Catalunya. La seva obra s&#8217;ha exhibit en museus d&#8217;arreu del m\u00f3n.<\/p>\n<p>La visita es va fer a la Fact, a l&#8217;antic Centre Cultural de Terrassa. All\u00e0 vam poder veure l&#8217;obra i vam fer un taller pl\u00e0tic per posar en pr\u00e0ctica tot el que haviem treballat d&#8217;aquest autor.<\/p>\n<p>A continuaci\u00f3, si apreteu la imatge, podreu veure&#8217;n m\u00e9s.<\/p>\n<p><a href=\"https:\/\/photos.app.goo.gl\/dESFf8g9uy1xRnrT9\"><img loading=\"lazy\" decoding=\"async\" class=\"alignnone size-medium wp-image-11335\" src=\"https:\/\/agora.xtec.cat\/ceip-falba\/wp-content\/uploads\/usu658\/2023\/04\/Captura-de-pantalla-2023-04-24-a-les-12.35.52-300x213.png\" alt=\"\" width=\"300\" height=\"213\" srcset=\"https:\/\/agora.xtec.cat\/ceip-falba\/wp-content\/uploads\/usu658\/2023\/04\/Captura-de-pantalla-2023-04-24-a-les-12.35.52-300x213.png 300w, https:\/\/agora.xtec.cat\/ceip-falba\/wp-content\/uploads\/usu658\/2023\/04\/Captura-de-pantalla-2023-04-24-a-les-12.35.52-768x545.png 768w, https:\/\/agora.xtec.cat\/ceip-falba\/wp-content\/uploads\/usu658\/2023\/04\/Captura-de-pantalla-2023-04-24-a-les-12.35.52.png 971w\" sizes=\"auto, (max-width: 300px) 100vw, 300px\" \/><\/a><\/p>\n","protected":false},"excerpt":{"rendered":"<p>El passat 13 d&#8217;abril, l&#8217;alumnat de 5\u00e8 va anar a veure l&#8217;obra de l&#8217;artista barcelon\u00ed Oswald Aulestia, un dels principals representatnts del PopArt a Catalunya. La seva obra s&#8217;ha exhibit en museus d&#8217;arreu del m\u00f3n.<br \/>\nLa visita es va fer a la Fact, a l&#8217;antic Centre&hellip;  <a href=\"https:\/\/agora.xtec.cat\/ceip-falba\/general\/anem-a-coneixer-lobra-de-oswald-aulestia\/\" title=\"Read Anem a con\u00e8ixer l&#8217;obra de Oswald Aulestia\">Llegeix m\u00e9s\u00bb<\/a><\/p>\n","protected":false},"author":1,"featured_media":11334,"comment_status":"closed","ping_status":"closed","sticky":false,"template":"","format":"standard","meta":{"_bbp_topic_count":0,"_bbp_reply_count":0,"_bbp_total_topic_count":0,"_bbp_total_reply_count":0,"_bbp_voice_count":0,"_bbp_anonymous_reply_count":0,"_bbp_topic_count_hidden":0,"_bbp_reply_count_hidden":0,"_bbp_forum_subforum_count":0,"footnotes":""},"categories":[14,434,1,4],"tags":[461,473,474],"class_list":["post-11333","post","type-post","status-publish","format-standard","has-post-thumbnail","hentry","category-5e","category-curs-2022-2023","category-general","category-portada","tag-cinque","tag-comunitatgran","tag-exploradors-dart"],"post_mailing_queue_ids":[],"_links":{"self":[{"href":"https:\/\/agora.xtec.cat\/ceip-falba\/wp-json\/wp\/v2\/posts\/11333","targetHints":{"allow":["GET"]}}],"collection":[{"href":"https:\/\/agora.xtec.cat\/ceip-falba\/wp-json\/wp\/v2\/posts"}],"about":[{"href":"https:\/\/agora.xtec.cat\/ceip-falba\/wp-json\/wp\/v2\/types\/post"}],"author":[{"embeddable":true,"href":"https:\/\/agora.xtec.cat\/ceip-falba\/wp-json\/wp\/v2\/users\/1"}],"replies":[{"embeddable":true,"href":"https:\/\/agora.xtec.cat\/ceip-falba\/wp-json\/wp\/v2\/comments?post=11333"}],"version-history":[{"count":1,"href":"https:\/\/agora.xtec.cat\/ceip-falba\/wp-json\/wp\/v2\/posts\/11333\/revisions"}],"predecessor-version":[{"id":11336,"href":"https:\/\/agora.xtec.cat\/ceip-falba\/wp-json\/wp\/v2\/posts\/11333\/revisions\/11336"}],"wp:featuredmedia":[{"embeddable":true,"href":"https:\/\/agora.xtec.cat\/ceip-falba\/wp-json\/wp\/v2\/media\/11334"}],"wp:attachment":[{"href":"https:\/\/agora.xtec.cat\/ceip-falba\/wp-json\/wp\/v2\/media?parent=11333"}],"wp:term":[{"taxonomy":"category","embeddable":true,"href":"https:\/\/agora.xtec.cat\/ceip-falba\/wp-json\/wp\/v2\/categories?post=11333"},{"taxonomy":"post_tag","embeddable":true,"href":"https:\/\/agora.xtec.cat\/ceip-falba\/wp-json\/wp\/v2\/tags?post=11333"}],"curies":[{"name":"wp","href":"https:\/\/api.w.org\/{rel}","templated":true}]}}