{"id":11304,"date":"2023-04-10T20:39:39","date_gmt":"2023-04-10T18:39:39","guid":{"rendered":"https:\/\/agora.xtec.cat\/ceip-falba\/?p=11304"},"modified":"2023-04-19T12:29:34","modified_gmt":"2023-04-19T10:29:34","slug":"dia-dels-padrins-padrines-fillols-i-filloles","status":"publish","type":"post","link":"https:\/\/agora.xtec.cat\/ceip-falba\/general\/dia-dels-padrins-padrines-fillols-i-filloles\/","title":{"rendered":"DIA DELS PADRINS, PADRINES, FILLOLS I FILLOLES !"},"content":{"rendered":"<p>El dilluns de Pasqua \u00e9s el dia de la\u00a0 &#8216;MONA&#8217; , \u00e9s tradici\u00f3 que els padrins regalin als fillols i filloles un past\u00eds amb plomes i figures de xocolata.<\/p>\n<p>A l&#8217;escola, uns dies abans de les vacances, els padrins i padrines de 6\u00e8 A, v\u00e0rem obsequiar als nostres fillols i filloles de 2n, amb un punt de llibre decorat per nosaltres amb motius primaverals i\u00a0 amb l&#8217;explicaci\u00f3 d&#8217;un \u00e0lbum il\u00b7lustrat.\u00a0 Va ser una tarda d&#8217;apadrinament lector molt emotiva i divertida, en la qual tots vam participar i gaudir amb l&#8217;activitat de lectura.<\/p>\n<p><a href=\"https:\/\/agora.xtec.cat\/ceip-falba\/wp-content\/uploads\/usu658\/2023\/04\/Captura.jpg\"><img loading=\"lazy\" decoding=\"async\" class=\"aligncenter size-medium wp-image-11310\" src=\"https:\/\/agora.xtec.cat\/ceip-falba\/wp-content\/uploads\/usu658\/2023\/04\/Captura-246x300.jpg\" alt=\"\" width=\"246\" height=\"300\" srcset=\"https:\/\/agora.xtec.cat\/ceip-falba\/wp-content\/uploads\/usu658\/2023\/04\/Captura-246x300.jpg 246w, https:\/\/agora.xtec.cat\/ceip-falba\/wp-content\/uploads\/usu658\/2023\/04\/Captura.jpg 363w\" sizes=\"auto, (max-width: 246px) 100vw, 246px\" \/><\/a><\/p>\n","protected":false},"excerpt":{"rendered":"<p>El dilluns de Pasqua \u00e9s el dia de la\u00a0 &#8216;MONA&#8217; , \u00e9s tradici\u00f3 que els padrins regalin als fillols i filloles un past\u00eds amb plomes i figures de xocolata.<br \/>\nA l&#8217;escola, uns dies abans de les vacances, els padrins i padrines de 6\u00e8 A, v\u00e0rem obsequiar&hellip;  <a href=\"https:\/\/agora.xtec.cat\/ceip-falba\/general\/dia-dels-padrins-padrines-fillols-i-filloles\/\" title=\"Read DIA DELS PADRINS, PADRINES, FILLOLS I FILLOLES !\">Llegeix m\u00e9s\u00bb<\/a><\/p>\n","protected":false},"author":1,"featured_media":11310,"comment_status":"closed","ping_status":"closed","sticky":false,"template":"","format":"standard","meta":{"_bbp_topic_count":0,"_bbp_reply_count":0,"_bbp_total_topic_count":0,"_bbp_total_reply_count":0,"_bbp_voice_count":0,"_bbp_anonymous_reply_count":0,"_bbp_topic_count_hidden":0,"_bbp_reply_count_hidden":0,"_bbp_forum_subforum_count":0,"footnotes":""},"categories":[11,15,43,434,1,4,5],"tags":[],"class_list":["post-11304","post","type-post","status-publish","format-standard","has-post-thumbnail","hentry","category-2n","category-6e","category-apadrinament-lector-projectesescola","category-curs-2022-2023","category-general","category-portada","category-primaria"],"post_mailing_queue_ids":[],"_links":{"self":[{"href":"https:\/\/agora.xtec.cat\/ceip-falba\/wp-json\/wp\/v2\/posts\/11304","targetHints":{"allow":["GET"]}}],"collection":[{"href":"https:\/\/agora.xtec.cat\/ceip-falba\/wp-json\/wp\/v2\/posts"}],"about":[{"href":"https:\/\/agora.xtec.cat\/ceip-falba\/wp-json\/wp\/v2\/types\/post"}],"author":[{"embeddable":true,"href":"https:\/\/agora.xtec.cat\/ceip-falba\/wp-json\/wp\/v2\/users\/1"}],"replies":[{"embeddable":true,"href":"https:\/\/agora.xtec.cat\/ceip-falba\/wp-json\/wp\/v2\/comments?post=11304"}],"version-history":[{"count":2,"href":"https:\/\/agora.xtec.cat\/ceip-falba\/wp-json\/wp\/v2\/posts\/11304\/revisions"}],"predecessor-version":[{"id":11311,"href":"https:\/\/agora.xtec.cat\/ceip-falba\/wp-json\/wp\/v2\/posts\/11304\/revisions\/11311"}],"wp:featuredmedia":[{"embeddable":true,"href":"https:\/\/agora.xtec.cat\/ceip-falba\/wp-json\/wp\/v2\/media\/11310"}],"wp:attachment":[{"href":"https:\/\/agora.xtec.cat\/ceip-falba\/wp-json\/wp\/v2\/media?parent=11304"}],"wp:term":[{"taxonomy":"category","embeddable":true,"href":"https:\/\/agora.xtec.cat\/ceip-falba\/wp-json\/wp\/v2\/categories?post=11304"},{"taxonomy":"post_tag","embeddable":true,"href":"https:\/\/agora.xtec.cat\/ceip-falba\/wp-json\/wp\/v2\/tags?post=11304"}],"curies":[{"name":"wp","href":"https:\/\/api.w.org\/{rel}","templated":true}]}}