{"id":11259,"date":"2023-03-29T13:43:33","date_gmt":"2023-03-29T11:43:33","guid":{"rendered":"https:\/\/agora.xtec.cat\/ceip-falba\/?p=11259"},"modified":"2023-03-29T13:43:33","modified_gmt":"2023-03-29T11:43:33","slug":"teixint-histories-5e-programa-2-wonder","status":"publish","type":"post","link":"https:\/\/agora.xtec.cat\/ceip-falba\/general\/teixint-histories-5e-programa-2-wonder\/","title":{"rendered":"TEIXINT HISTORIES 5\u00e8 PROGRAMA 2 &#8220;WONDER&#8221;"},"content":{"rendered":"<p><a href=\"https:\/\/youtu.be\/7LlLuBoCnj4\">Els infants de cinqu\u00e8 de la nostra escola han fet el seu segon programa sobre la lectura i els \u00e0lbums il\u00b7lustrats. Aquesta vegada l&#8217;\u00e0lbum triat ha estat Wonder. A la secci\u00f3 de &#8220;Petits i petites lectores&#8221; podeu veure l&#8217;entrevista a dos alumnes de 2n. Esperem que gaudiu molt&#8230;<\/a><\/p>\n<p><a href=\"https:\/\/agora.xtec.cat\/ceip-falba\/wp-content\/uploads\/usu658\/2023\/03\/4.png\"><img loading=\"lazy\" decoding=\"async\" class=\"alignnone size-large wp-image-11268\" src=\"https:\/\/agora.xtec.cat\/ceip-falba\/wp-content\/uploads\/usu658\/2023\/03\/4-1024x576.png\" alt=\"\" width=\"1024\" height=\"576\" srcset=\"https:\/\/agora.xtec.cat\/ceip-falba\/wp-content\/uploads\/usu658\/2023\/03\/4-1024x576.png 1024w, https:\/\/agora.xtec.cat\/ceip-falba\/wp-content\/uploads\/usu658\/2023\/03\/4-300x169.png 300w, https:\/\/agora.xtec.cat\/ceip-falba\/wp-content\/uploads\/usu658\/2023\/03\/4-768x432.png 768w, https:\/\/agora.xtec.cat\/ceip-falba\/wp-content\/uploads\/usu658\/2023\/03\/4-1536x864.png 1536w, https:\/\/agora.xtec.cat\/ceip-falba\/wp-content\/uploads\/usu658\/2023\/03\/4.png 1920w\" sizes=\"auto, (max-width: 1024px) 100vw, 1024px\" \/><\/a><\/p>\n","protected":false},"excerpt":{"rendered":"<p>Aqu\u00ed teniu el segon programa de Teixint Hist\u00f2ries. \u00c0lbum triat: Wonder. Petites lectores: 2n.<br \/>\nGaudiu!&hellip;  <a href=\"https:\/\/agora.xtec.cat\/ceip-falba\/general\/teixint-histories-5e-programa-2-wonder\/\" title=\"Read TEIXINT HISTORIES 5\u00e8 PROGRAMA 2 &#8220;WONDER&#8221;\">Llegeix m\u00e9s\u00bb<\/a><\/p>\n","protected":false},"author":20,"featured_media":11268,"comment_status":"closed","ping_status":"closed","sticky":false,"template":"","format":"standard","meta":{"_bbp_topic_count":0,"_bbp_reply_count":0,"_bbp_total_topic_count":0,"_bbp_total_reply_count":0,"_bbp_voice_count":0,"_bbp_anonymous_reply_count":0,"_bbp_topic_count_hidden":0,"_bbp_reply_count_hidden":0,"_bbp_forum_subforum_count":0,"footnotes":""},"categories":[11,14,466,445,442,434,26,1,360,4],"tags":[],"class_list":["post-11259","post","type-post","status-publish","format-standard","has-post-thumbnail","hentry","category-2n","category-5e","category-biblioteca","category-comunitat-gran","category-comunitat-mitjana","category-curs-2022-2023","category-fonttv","category-general","category-llegim","category-portada"],"post_mailing_queue_ids":[],"_links":{"self":[{"href":"https:\/\/agora.xtec.cat\/ceip-falba\/wp-json\/wp\/v2\/posts\/11259","targetHints":{"allow":["GET"]}}],"collection":[{"href":"https:\/\/agora.xtec.cat\/ceip-falba\/wp-json\/wp\/v2\/posts"}],"about":[{"href":"https:\/\/agora.xtec.cat\/ceip-falba\/wp-json\/wp\/v2\/types\/post"}],"author":[{"embeddable":true,"href":"https:\/\/agora.xtec.cat\/ceip-falba\/wp-json\/wp\/v2\/users\/20"}],"replies":[{"embeddable":true,"href":"https:\/\/agora.xtec.cat\/ceip-falba\/wp-json\/wp\/v2\/comments?post=11259"}],"version-history":[{"count":3,"href":"https:\/\/agora.xtec.cat\/ceip-falba\/wp-json\/wp\/v2\/posts\/11259\/revisions"}],"predecessor-version":[{"id":11270,"href":"https:\/\/agora.xtec.cat\/ceip-falba\/wp-json\/wp\/v2\/posts\/11259\/revisions\/11270"}],"wp:featuredmedia":[{"embeddable":true,"href":"https:\/\/agora.xtec.cat\/ceip-falba\/wp-json\/wp\/v2\/media\/11268"}],"wp:attachment":[{"href":"https:\/\/agora.xtec.cat\/ceip-falba\/wp-json\/wp\/v2\/media?parent=11259"}],"wp:term":[{"taxonomy":"category","embeddable":true,"href":"https:\/\/agora.xtec.cat\/ceip-falba\/wp-json\/wp\/v2\/categories?post=11259"},{"taxonomy":"post_tag","embeddable":true,"href":"https:\/\/agora.xtec.cat\/ceip-falba\/wp-json\/wp\/v2\/tags?post=11259"}],"curies":[{"name":"wp","href":"https:\/\/api.w.org\/{rel}","templated":true}]}}