{"id":11239,"date":"2023-03-13T17:36:13","date_gmt":"2023-03-13T16:36:13","guid":{"rendered":"https:\/\/agora.xtec.cat\/ceip-falba\/?p=11239"},"modified":"2023-03-13T17:36:51","modified_gmt":"2023-03-13T16:36:51","slug":"font-de-noticies-no-783","status":"publish","type":"post","link":"https:\/\/agora.xtec.cat\/ceip-falba\/general\/font-de-noticies-no-783\/","title":{"rendered":"Font de Not\u00edcies n\u00ba 783"},"content":{"rendered":"<p><a href=\"https:\/\/drive.google.com\/file\/d\/1LGB07BOk3KNekdQjGIlpVUU-L4hsZ8ZW\/view?usp=sharing\"><img loading=\"lazy\" decoding=\"async\" class=\"aligncenter wp-image-11240 size-full\" src=\"https:\/\/agora.xtec.cat\/ceip-falba\/wp-content\/uploads\/usu658\/2023\/03\/783.png\" alt=\"\" width=\"755\" height=\"452\" srcset=\"https:\/\/agora.xtec.cat\/ceip-falba\/wp-content\/uploads\/usu658\/2023\/03\/783.png 755w, https:\/\/agora.xtec.cat\/ceip-falba\/wp-content\/uploads\/usu658\/2023\/03\/783-300x180.png 300w\" sizes=\"auto, (max-width: 755px) 100vw, 755px\" \/><\/a><\/p>\n","protected":false},"excerpt":{"rendered":"<p>Ja tenim editat el Programa 3 de Font TV amb la fant\u00e0stica entrevista que la Sara li va fer al Jordi Ballart, alcalde de la nostra ciutat. I tamb\u00e9 us informem del reportatge filmat al nostre centre i que podreu veure  al Canal Terrassa TV el dimarts 14 de mar\u00e7.&hellip;  <a href=\"https:\/\/agora.xtec.cat\/ceip-falba\/general\/font-de-noticies-no-783\/\" title=\"Read Font de Not\u00edcies n\u00ba 783\">Llegeix m\u00e9s\u00bb<\/a><\/p>\n","protected":false},"author":1,"featured_media":11240,"comment_status":"closed","ping_status":"closed","sticky":false,"template":"","format":"standard","meta":{"_bbp_topic_count":0,"_bbp_reply_count":0,"_bbp_total_topic_count":0,"_bbp_total_reply_count":0,"_bbp_voice_count":0,"_bbp_anonymous_reply_count":0,"_bbp_topic_count_hidden":0,"_bbp_reply_count_hidden":0,"_bbp_forum_subforum_count":0,"footnotes":""},"categories":[15,445,434,49,26,1,4,5,25,470],"tags":[],"class_list":["post-11239","post","type-post","status-publish","format-standard","has-post-thumbnail","hentry","category-6e","category-comunitat-gran","category-curs-2022-2023","category-font-de-noticies","category-fonttv","category-general","category-portada","category-primaria","category-projectesescola","category-tecnologies"],"post_mailing_queue_ids":[],"_links":{"self":[{"href":"https:\/\/agora.xtec.cat\/ceip-falba\/wp-json\/wp\/v2\/posts\/11239","targetHints":{"allow":["GET"]}}],"collection":[{"href":"https:\/\/agora.xtec.cat\/ceip-falba\/wp-json\/wp\/v2\/posts"}],"about":[{"href":"https:\/\/agora.xtec.cat\/ceip-falba\/wp-json\/wp\/v2\/types\/post"}],"author":[{"embeddable":true,"href":"https:\/\/agora.xtec.cat\/ceip-falba\/wp-json\/wp\/v2\/users\/1"}],"replies":[{"embeddable":true,"href":"https:\/\/agora.xtec.cat\/ceip-falba\/wp-json\/wp\/v2\/comments?post=11239"}],"version-history":[{"count":1,"href":"https:\/\/agora.xtec.cat\/ceip-falba\/wp-json\/wp\/v2\/posts\/11239\/revisions"}],"predecessor-version":[{"id":11241,"href":"https:\/\/agora.xtec.cat\/ceip-falba\/wp-json\/wp\/v2\/posts\/11239\/revisions\/11241"}],"wp:featuredmedia":[{"embeddable":true,"href":"https:\/\/agora.xtec.cat\/ceip-falba\/wp-json\/wp\/v2\/media\/11240"}],"wp:attachment":[{"href":"https:\/\/agora.xtec.cat\/ceip-falba\/wp-json\/wp\/v2\/media?parent=11239"}],"wp:term":[{"taxonomy":"category","embeddable":true,"href":"https:\/\/agora.xtec.cat\/ceip-falba\/wp-json\/wp\/v2\/categories?post=11239"},{"taxonomy":"post_tag","embeddable":true,"href":"https:\/\/agora.xtec.cat\/ceip-falba\/wp-json\/wp\/v2\/tags?post=11239"}],"curies":[{"name":"wp","href":"https:\/\/api.w.org\/{rel}","templated":true}]}}