{"id":11217,"date":"2023-03-07T15:41:15","date_gmt":"2023-03-07T14:41:15","guid":{"rendered":"https:\/\/agora.xtec.cat\/ceip-falba\/?p=11217"},"modified":"2023-12-02T12:01:57","modified_gmt":"2023-12-02T11:01:57","slug":"2n-visita-la-floristeria-petit-paradis","status":"publish","type":"post","link":"https:\/\/agora.xtec.cat\/ceip-falba\/portada\/2n-visita-la-floristeria-petit-paradis\/","title":{"rendered":"2n visita la floristeria Petit Parad\u00eds"},"content":{"rendered":"<p>L&#8217;alumnat de 2n continuem investigant com seria el m\u00f3n sense plantes, i dintre d&#8217;aquest context avui hem visitat la floristeria Petit Parad\u00eds, on hem descobert moltes curiositats sobre les flors i hem\u00a0dut a terme\u00a0una divertida activitat elaborant un ram de flors per a la classe. Hem\u00a0apr\u00e8s\u00a0que la primera flor\u00a0a\u00a0florir\u00a0\u00e9s\u00a0l&#8217;anomenada &#8220;Matrimoni&#8221; i ens hem pogut emportar una cadasc\u00fa de nosaltres. Hem\u00a0apr\u00e8s\u00a0molt i ens ho hem passat d&#8217;all\u00f2 m\u00e9s b\u00e9!<\/p>\n<p><a href=\"https:\/\/photos.app.goo.gl\/ZFfAYExgnVsNuAhZ7\">Imatges sortida floristeria Petit Parad\u00eds<\/a><\/p>\n<p>&nbsp;<\/p>\n","protected":false},"excerpt":{"rendered":"<p>L&#8217;alumnat de 2n continuem investigant com seria el m\u00f3n sense plantes, i dintre d&#8217;aquest context avui hem visitat la floristeria Petit Parad\u00eds, on hem descobert moltes curiositats sobre les flors i hem\u00a0dut a terme\u00a0una divertida activitat elaborant un ram de flors per a la classe.&hellip;  <a href=\"https:\/\/agora.xtec.cat\/ceip-falba\/portada\/2n-visita-la-floristeria-petit-paradis\/\" title=\"Read 2n visita la floristeria Petit Parad\u00eds\">Llegeix m\u00e9s\u00bb<\/a><\/p>\n","protected":false},"author":8,"featured_media":11218,"comment_status":"closed","ping_status":"closed","sticky":false,"template":"","format":"standard","meta":{"_bbp_topic_count":0,"_bbp_reply_count":0,"_bbp_total_topic_count":0,"_bbp_total_reply_count":0,"_bbp_voice_count":0,"_bbp_anonymous_reply_count":0,"_bbp_topic_count_hidden":0,"_bbp_reply_count_hidden":0,"_bbp_forum_subforum_count":0,"footnotes":""},"categories":[11,442,453,434,4,5,427],"tags":[],"class_list":["post-11217","post","type-post","status-publish","format-standard","has-post-thumbnail","hentry","category-2n","category-comunitat-mitjana","category-contextos-daprenentatge","category-curs-2022-2023","category-portada","category-primaria","category-sortida"],"post_mailing_queue_ids":[],"_links":{"self":[{"href":"https:\/\/agora.xtec.cat\/ceip-falba\/wp-json\/wp\/v2\/posts\/11217","targetHints":{"allow":["GET"]}}],"collection":[{"href":"https:\/\/agora.xtec.cat\/ceip-falba\/wp-json\/wp\/v2\/posts"}],"about":[{"href":"https:\/\/agora.xtec.cat\/ceip-falba\/wp-json\/wp\/v2\/types\/post"}],"author":[{"embeddable":true,"href":"https:\/\/agora.xtec.cat\/ceip-falba\/wp-json\/wp\/v2\/users\/8"}],"replies":[{"embeddable":true,"href":"https:\/\/agora.xtec.cat\/ceip-falba\/wp-json\/wp\/v2\/comments?post=11217"}],"version-history":[{"count":2,"href":"https:\/\/agora.xtec.cat\/ceip-falba\/wp-json\/wp\/v2\/posts\/11217\/revisions"}],"predecessor-version":[{"id":11868,"href":"https:\/\/agora.xtec.cat\/ceip-falba\/wp-json\/wp\/v2\/posts\/11217\/revisions\/11868"}],"wp:featuredmedia":[{"embeddable":true,"href":"https:\/\/agora.xtec.cat\/ceip-falba\/wp-json\/wp\/v2\/media\/11218"}],"wp:attachment":[{"href":"https:\/\/agora.xtec.cat\/ceip-falba\/wp-json\/wp\/v2\/media?parent=11217"}],"wp:term":[{"taxonomy":"category","embeddable":true,"href":"https:\/\/agora.xtec.cat\/ceip-falba\/wp-json\/wp\/v2\/categories?post=11217"},{"taxonomy":"post_tag","embeddable":true,"href":"https:\/\/agora.xtec.cat\/ceip-falba\/wp-json\/wp\/v2\/tags?post=11217"}],"curies":[{"name":"wp","href":"https:\/\/api.w.org\/{rel}","templated":true}]}}