{"id":11187,"date":"2023-03-10T15:34:23","date_gmt":"2023-03-10T14:34:23","guid":{"rendered":"https:\/\/agora.xtec.cat\/ceip-falba\/?p=11187"},"modified":"2023-03-30T11:46:10","modified_gmt":"2023-03-30T09:46:10","slug":"ja-pots-mirar-el-nou-programa-de-font-tv","status":"publish","type":"post","link":"https:\/\/agora.xtec.cat\/ceip-falba\/portada\/ja-pots-mirar-el-nou-programa-de-font-tv\/","title":{"rendered":"Ja pots mirar el nou programa de Font TV!"},"content":{"rendered":"<p>Aqu\u00ed tenim el nou programa de Font TV i l&#8217;hem fet amb molta il\u00b7lusi\u00f3. Aquesta vegada ens visita l&#8217;alcalde de la nostra ciutat, el Jordi Ballart i Pastor. Aprofitant que tenim eleccions municipals, li hem fet algunes preguntes. Tamb\u00e9 teniu un petit reportatge de la nova biblioteca de l&#8217;escola, un concurs de reciclatge, un pa\u00eds per con\u00e8ixer, i una sorpresa final.<\/p>\n<p>Esperem que us agradi i compartiu aquest v\u00eddeo!<\/p>\n<p><iframe loading=\"lazy\" src=\"\/\/www.youtube.com\/embed\/tnGyzKiTLKw\" width=\"560\" height=\"314\" allowfullscreen=\"allowfullscreen\"><\/iframe><\/p>\n","protected":false},"excerpt":{"rendered":"<p>Aqu\u00ed tenim el nou programa de Font TV i en aquest programa ens visita l&#8217;alcalde de la nostra ciutat.&hellip;  <a href=\"https:\/\/agora.xtec.cat\/ceip-falba\/portada\/ja-pots-mirar-el-nou-programa-de-font-tv\/\" title=\"Read Ja pots mirar el nou programa de Font TV!\">Llegeix m\u00e9s\u00bb<\/a><\/p>\n","protected":false},"author":92,"featured_media":11235,"comment_status":"closed","ping_status":"closed","sticky":false,"template":"","format":"standard","meta":{"_bbp_topic_count":0,"_bbp_reply_count":0,"_bbp_total_topic_count":0,"_bbp_total_reply_count":0,"_bbp_voice_count":0,"_bbp_anonymous_reply_count":0,"_bbp_topic_count_hidden":0,"_bbp_reply_count_hidden":0,"_bbp_forum_subforum_count":0,"footnotes":""},"categories":[12,15,466,445,434,26,4],"tags":[],"class_list":["post-11187","post","type-post","status-publish","format-standard","has-post-thumbnail","hentry","category-3r","category-6e","category-biblioteca","category-comunitat-gran","category-curs-2022-2023","category-fonttv","category-portada"],"post_mailing_queue_ids":[],"_links":{"self":[{"href":"https:\/\/agora.xtec.cat\/ceip-falba\/wp-json\/wp\/v2\/posts\/11187","targetHints":{"allow":["GET"]}}],"collection":[{"href":"https:\/\/agora.xtec.cat\/ceip-falba\/wp-json\/wp\/v2\/posts"}],"about":[{"href":"https:\/\/agora.xtec.cat\/ceip-falba\/wp-json\/wp\/v2\/types\/post"}],"author":[{"embeddable":true,"href":"https:\/\/agora.xtec.cat\/ceip-falba\/wp-json\/wp\/v2\/users\/92"}],"replies":[{"embeddable":true,"href":"https:\/\/agora.xtec.cat\/ceip-falba\/wp-json\/wp\/v2\/comments?post=11187"}],"version-history":[{"count":2,"href":"https:\/\/agora.xtec.cat\/ceip-falba\/wp-json\/wp\/v2\/posts\/11187\/revisions"}],"predecessor-version":[{"id":11236,"href":"https:\/\/agora.xtec.cat\/ceip-falba\/wp-json\/wp\/v2\/posts\/11187\/revisions\/11236"}],"wp:featuredmedia":[{"embeddable":true,"href":"https:\/\/agora.xtec.cat\/ceip-falba\/wp-json\/wp\/v2\/media\/11235"}],"wp:attachment":[{"href":"https:\/\/agora.xtec.cat\/ceip-falba\/wp-json\/wp\/v2\/media?parent=11187"}],"wp:term":[{"taxonomy":"category","embeddable":true,"href":"https:\/\/agora.xtec.cat\/ceip-falba\/wp-json\/wp\/v2\/categories?post=11187"},{"taxonomy":"post_tag","embeddable":true,"href":"https:\/\/agora.xtec.cat\/ceip-falba\/wp-json\/wp\/v2\/tags?post=11187"}],"curies":[{"name":"wp","href":"https:\/\/api.w.org\/{rel}","templated":true}]}}