{"id":11184,"date":"2023-03-05T18:17:22","date_gmt":"2023-03-05T17:17:22","guid":{"rendered":"https:\/\/agora.xtec.cat\/ceip-falba\/?p=11184"},"modified":"2023-03-05T18:17:22","modified_gmt":"2023-03-05T17:17:22","slug":"comunitat-petita-al-mnactec","status":"publish","type":"post","link":"https:\/\/agora.xtec.cat\/ceip-falba\/infantil\/comunitat-petita-al-mnactec\/","title":{"rendered":"Comunitat Petita al MNACTEC"},"content":{"rendered":"<p>Els infants de la Comunitat Petita hem anat de sortida al Museu Nacional de la Ci\u00e8ncia i la T\u00e8cnica de Catalunya, al seu espai d&#8217;experimentaci\u00f3.<\/p>\n<p>Explora 0-6 \u00e9s un espai espec\u00edfic dedicat als nens i nenes de 0 a 6 anys, en el qual els m\u00e9s petits\u00a0 jugaran amb diversos materials i aparells per a experimentar en els \u00e0mbits cient\u00edfic i t\u00e8cnic. Aquest espai del MNACTEC es proposa fomentar la curiositat dels infants d&#8217;una manera propera i motivadora per a contribuir al seu aprenentatge.<\/p>\n<p><a href=\"https:\/\/photos.app.goo.gl\/mTHwbEfHsbyvb66e9\">Aqu\u00ed podeu veure les fotos!\u00a0<\/a><\/p>\n<p><a href=\"https:\/\/agora.xtec.cat\/ceip-falba\/wp-content\/uploads\/usu658\/2023\/03\/IMG_20230216_114637-scaled.jpg\"><img loading=\"lazy\" decoding=\"async\" class=\"alignnone size-large wp-image-11185\" src=\"https:\/\/agora.xtec.cat\/ceip-falba\/wp-content\/uploads\/usu658\/2023\/03\/IMG_20230216_114637-1024x461.jpg\" alt=\"\" width=\"1024\" height=\"461\" srcset=\"https:\/\/agora.xtec.cat\/ceip-falba\/wp-content\/uploads\/usu658\/2023\/03\/IMG_20230216_114637-1024x461.jpg 1024w, https:\/\/agora.xtec.cat\/ceip-falba\/wp-content\/uploads\/usu658\/2023\/03\/IMG_20230216_114637-300x135.jpg 300w, https:\/\/agora.xtec.cat\/ceip-falba\/wp-content\/uploads\/usu658\/2023\/03\/IMG_20230216_114637-768x346.jpg 768w, https:\/\/agora.xtec.cat\/ceip-falba\/wp-content\/uploads\/usu658\/2023\/03\/IMG_20230216_114637-1536x691.jpg 1536w, https:\/\/agora.xtec.cat\/ceip-falba\/wp-content\/uploads\/usu658\/2023\/03\/IMG_20230216_114637-2048x922.jpg 2048w\" sizes=\"auto, (max-width: 1024px) 100vw, 1024px\" \/><\/a><\/p>\n","protected":false},"excerpt":{"rendered":"<p>Els infants de la Comunitat Petita hem anat de sortida al Museu Nacional de la Ci\u00e8ncia i la T\u00e8cnica de Catalunya, al seu espai d&#8217;experimentaci\u00f3.<br \/>\nExplora 0-6 \u00e9s un espai espec\u00edfic dedicat als nens i nenes de 0 a 6 anys, en el qual els m\u00e9s&hellip;  <a href=\"https:\/\/agora.xtec.cat\/ceip-falba\/infantil\/comunitat-petita-al-mnactec\/\" title=\"Read Comunitat Petita al MNACTEC\">Llegeix m\u00e9s\u00bb<\/a><\/p>\n","protected":false},"author":71,"featured_media":11185,"comment_status":"closed","ping_status":"closed","sticky":false,"template":"","format":"standard","meta":{"_bbp_topic_count":0,"_bbp_reply_count":0,"_bbp_total_topic_count":0,"_bbp_total_reply_count":0,"_bbp_voice_count":0,"_bbp_anonymous_reply_count":0,"_bbp_topic_count_hidden":0,"_bbp_reply_count_hidden":0,"_bbp_forum_subforum_count":0,"footnotes":""},"categories":[340,434,3,8,9,2,4,427],"tags":[],"class_list":["post-11184","post","type-post","status-publish","format-standard","has-post-thumbnail","hentry","category-comunitat-de-petits","category-curs-2022-2023","category-p3","category-p4","category-p5","category-infantil","category-portada","category-sortida"],"post_mailing_queue_ids":[],"_links":{"self":[{"href":"https:\/\/agora.xtec.cat\/ceip-falba\/wp-json\/wp\/v2\/posts\/11184","targetHints":{"allow":["GET"]}}],"collection":[{"href":"https:\/\/agora.xtec.cat\/ceip-falba\/wp-json\/wp\/v2\/posts"}],"about":[{"href":"https:\/\/agora.xtec.cat\/ceip-falba\/wp-json\/wp\/v2\/types\/post"}],"author":[{"embeddable":true,"href":"https:\/\/agora.xtec.cat\/ceip-falba\/wp-json\/wp\/v2\/users\/71"}],"replies":[{"embeddable":true,"href":"https:\/\/agora.xtec.cat\/ceip-falba\/wp-json\/wp\/v2\/comments?post=11184"}],"version-history":[{"count":1,"href":"https:\/\/agora.xtec.cat\/ceip-falba\/wp-json\/wp\/v2\/posts\/11184\/revisions"}],"predecessor-version":[{"id":11186,"href":"https:\/\/agora.xtec.cat\/ceip-falba\/wp-json\/wp\/v2\/posts\/11184\/revisions\/11186"}],"wp:featuredmedia":[{"embeddable":true,"href":"https:\/\/agora.xtec.cat\/ceip-falba\/wp-json\/wp\/v2\/media\/11185"}],"wp:attachment":[{"href":"https:\/\/agora.xtec.cat\/ceip-falba\/wp-json\/wp\/v2\/media?parent=11184"}],"wp:term":[{"taxonomy":"category","embeddable":true,"href":"https:\/\/agora.xtec.cat\/ceip-falba\/wp-json\/wp\/v2\/categories?post=11184"},{"taxonomy":"post_tag","embeddable":true,"href":"https:\/\/agora.xtec.cat\/ceip-falba\/wp-json\/wp\/v2\/tags?post=11184"}],"curies":[{"name":"wp","href":"https:\/\/api.w.org\/{rel}","templated":true}]}}