{"id":11141,"date":"2023-02-28T19:29:54","date_gmt":"2023-02-28T18:29:54","guid":{"rendered":"https:\/\/agora.xtec.cat\/ceip-falba\/?p=11141"},"modified":"2023-12-02T12:05:16","modified_gmt":"2023-12-02T11:05:16","slug":"treballem-amb-els-portatils-individuals","status":"publish","type":"post","link":"https:\/\/agora.xtec.cat\/ceip-falba\/portada\/treballem-amb-els-portatils-individuals\/","title":{"rendered":"Treballem amb els port\u00e0tils individuals"},"content":{"rendered":"<p>Gr\u00e0cies a la dotaci\u00f3 per part del departament d&#8217;educaci\u00f3 de la Generalitat, l&#8217;alumnat de 5\u00e8 pot treballar amb ordinadors des de l&#8217;aula. Cada un d&#8217;ells t\u00e9 assignat un n\u00famero i una contrasenya. Aquests dispositius tenen pantalla t\u00e0ctil i permet que l&#8217;alumne el pugui fer servir en 3 posicions (la normal en un port\u00e0til, doblegant el teclat i fent servir la pantalla t\u00e0ctil vertical o doblegar-lo per complet i fer-lo servir pla).<\/p>\n<p>Els infants estan molt motivats, s\u00f3n for\u00e7a aut\u00f2noms i els docents podenm anar resolent qualsevol dubte de funcionament del programa que estan fent servir en aquell moment.<\/p>\n<p><a href=\"https:\/\/photos.app.goo.gl\/kb8z97p3Hv3pkXAq6\">Us deixem un enlla\u00e7 amb m\u00e9s fotografies.\u00a0<\/a><\/p>\n","protected":false},"excerpt":{"rendered":"<p>Gr\u00e0cies a la dotaci\u00f3 per part del departament d&#8217;educaci\u00f3 de la Generalitat, l&#8217;alumnat de 5\u00e8 pot treballar amb ordinadors des de l&#8217;aula. Cada un d&#8217;ells t\u00e9 assignat un n\u00famero i una contrasenya. Aquests dispositius tenen pantalla t\u00e0ctil i permet que l&#8217;alumne el pugui fer servir&hellip;  <a href=\"https:\/\/agora.xtec.cat\/ceip-falba\/portada\/treballem-amb-els-portatils-individuals\/\" title=\"Read Treballem amb els port\u00e0tils individuals\">Llegeix m\u00e9s\u00bb<\/a><\/p>\n","protected":false},"author":1,"featured_media":11142,"comment_status":"closed","ping_status":"closed","sticky":false,"template":"","format":"standard","meta":{"_bbp_topic_count":0,"_bbp_reply_count":0,"_bbp_total_topic_count":0,"_bbp_total_reply_count":0,"_bbp_voice_count":0,"_bbp_anonymous_reply_count":0,"_bbp_topic_count_hidden":0,"_bbp_reply_count_hidden":0,"_bbp_forum_subforum_count":0,"footnotes":""},"categories":[14,445,453,434,4,470],"tags":[259,461,460],"class_list":["post-11141","post","type-post","status-publish","format-standard","has-post-thumbnail","hentry","category-5e","category-comunitat-gran","category-contextos-daprenentatge","category-curs-2022-2023","category-portada","category-tecnologies","tag-comunitatdegrans","tag-cinque","tag-digital"],"post_mailing_queue_ids":[],"_links":{"self":[{"href":"https:\/\/agora.xtec.cat\/ceip-falba\/wp-json\/wp\/v2\/posts\/11141","targetHints":{"allow":["GET"]}}],"collection":[{"href":"https:\/\/agora.xtec.cat\/ceip-falba\/wp-json\/wp\/v2\/posts"}],"about":[{"href":"https:\/\/agora.xtec.cat\/ceip-falba\/wp-json\/wp\/v2\/types\/post"}],"author":[{"embeddable":true,"href":"https:\/\/agora.xtec.cat\/ceip-falba\/wp-json\/wp\/v2\/users\/1"}],"replies":[{"embeddable":true,"href":"https:\/\/agora.xtec.cat\/ceip-falba\/wp-json\/wp\/v2\/comments?post=11141"}],"version-history":[{"count":3,"href":"https:\/\/agora.xtec.cat\/ceip-falba\/wp-json\/wp\/v2\/posts\/11141\/revisions"}],"predecessor-version":[{"id":11870,"href":"https:\/\/agora.xtec.cat\/ceip-falba\/wp-json\/wp\/v2\/posts\/11141\/revisions\/11870"}],"wp:featuredmedia":[{"embeddable":true,"href":"https:\/\/agora.xtec.cat\/ceip-falba\/wp-json\/wp\/v2\/media\/11142"}],"wp:attachment":[{"href":"https:\/\/agora.xtec.cat\/ceip-falba\/wp-json\/wp\/v2\/media?parent=11141"}],"wp:term":[{"taxonomy":"category","embeddable":true,"href":"https:\/\/agora.xtec.cat\/ceip-falba\/wp-json\/wp\/v2\/categories?post=11141"},{"taxonomy":"post_tag","embeddable":true,"href":"https:\/\/agora.xtec.cat\/ceip-falba\/wp-json\/wp\/v2\/tags?post=11141"}],"curies":[{"name":"wp","href":"https:\/\/api.w.org\/{rel}","templated":true}]}}