{"id":11139,"date":"2023-03-01T15:42:21","date_gmt":"2023-03-01T14:42:21","guid":{"rendered":"https:\/\/agora.xtec.cat\/ceip-falba\/?p=11139"},"modified":"2023-12-02T12:03:09","modified_gmt":"2023-12-02T11:03:09","slug":"com-seria-el-mon-sense-plantes-segon-investiga","status":"publish","type":"post","link":"https:\/\/agora.xtec.cat\/ceip-falba\/portada\/com-seria-el-mon-sense-plantes-segon-investiga\/","title":{"rendered":"Com seria el m\u00f3n sense plantes? Segon investiga!"},"content":{"rendered":"<p>L&#8217;alumnat de segon ens hem plantejat una pregunta molt interessant: Com seria el m\u00f3n sense plantes? Al llarg d&#8217;aquest trimestre estem investigant quines s\u00f3n les caracter\u00edstiques m\u00e9s importants de les plantes i en qu\u00e8 ens ajuden a les persones per viure. Ens hem adonat de la quantitat de plantes que ens envolten dins de la nostra escola, i per tal de saber m\u00e9s sobre elles, hem anat al nostre hort amb les tauletes, hem fet fotos i hem analitzat les caracter\u00edstiques de moltes d&#8217;elles. Per fer m\u00e9s f\u00e0cil la identificaci\u00f3 de les mateixes hem utilitzat l&#8217;aplicaci\u00f3 de Google lens. Ha sigut una experi\u00e8ncia molt enriquidora!<\/p>\n<p>&nbsp;<\/p>\n<p><a href=\"https:\/\/photos.app.goo.gl\/hg9VkWqK2vxFroW46\">Imatges: Segon investiguem les plantes del nostre hort<\/a><\/p>\n","protected":false},"excerpt":{"rendered":"<p>L&#8217;alumnat de segon ens hem plantejat una pregunta molt interessant: Com seria el m\u00f3n sense plantes? Al llarg d&#8217;aquest trimestre estem investigant quines s\u00f3n les caracter\u00edstiques m\u00e9s importants de les plantes i en qu\u00e8 ens ajuden a les persones per viure. Ens hem adonat de&hellip;  <a href=\"https:\/\/agora.xtec.cat\/ceip-falba\/portada\/com-seria-el-mon-sense-plantes-segon-investiga\/\" title=\"Read Com seria el m\u00f3n sense plantes? Segon investiga!\">Llegeix m\u00e9s\u00bb<\/a><\/p>\n","protected":false},"author":8,"featured_media":11151,"comment_status":"closed","ping_status":"closed","sticky":false,"template":"","format":"standard","meta":{"_bbp_topic_count":0,"_bbp_reply_count":0,"_bbp_total_topic_count":0,"_bbp_total_reply_count":0,"_bbp_voice_count":0,"_bbp_anonymous_reply_count":0,"_bbp_topic_count_hidden":0,"_bbp_reply_count_hidden":0,"_bbp_forum_subforum_count":0,"footnotes":""},"categories":[11,442,453,434,4,5],"tags":[],"class_list":["post-11139","post","type-post","status-publish","format-standard","has-post-thumbnail","hentry","category-2n","category-comunitat-mitjana","category-contextos-daprenentatge","category-curs-2022-2023","category-portada","category-primaria"],"post_mailing_queue_ids":[],"_links":{"self":[{"href":"https:\/\/agora.xtec.cat\/ceip-falba\/wp-json\/wp\/v2\/posts\/11139","targetHints":{"allow":["GET"]}}],"collection":[{"href":"https:\/\/agora.xtec.cat\/ceip-falba\/wp-json\/wp\/v2\/posts"}],"about":[{"href":"https:\/\/agora.xtec.cat\/ceip-falba\/wp-json\/wp\/v2\/types\/post"}],"author":[{"embeddable":true,"href":"https:\/\/agora.xtec.cat\/ceip-falba\/wp-json\/wp\/v2\/users\/8"}],"replies":[{"embeddable":true,"href":"https:\/\/agora.xtec.cat\/ceip-falba\/wp-json\/wp\/v2\/comments?post=11139"}],"version-history":[{"count":3,"href":"https:\/\/agora.xtec.cat\/ceip-falba\/wp-json\/wp\/v2\/posts\/11139\/revisions"}],"predecessor-version":[{"id":11869,"href":"https:\/\/agora.xtec.cat\/ceip-falba\/wp-json\/wp\/v2\/posts\/11139\/revisions\/11869"}],"wp:featuredmedia":[{"embeddable":true,"href":"https:\/\/agora.xtec.cat\/ceip-falba\/wp-json\/wp\/v2\/media\/11151"}],"wp:attachment":[{"href":"https:\/\/agora.xtec.cat\/ceip-falba\/wp-json\/wp\/v2\/media?parent=11139"}],"wp:term":[{"taxonomy":"category","embeddable":true,"href":"https:\/\/agora.xtec.cat\/ceip-falba\/wp-json\/wp\/v2\/categories?post=11139"},{"taxonomy":"post_tag","embeddable":true,"href":"https:\/\/agora.xtec.cat\/ceip-falba\/wp-json\/wp\/v2\/tags?post=11139"}],"curies":[{"name":"wp","href":"https:\/\/api.w.org\/{rel}","templated":true}]}}