{"id":11093,"date":"2023-02-23T19:23:02","date_gmt":"2023-02-23T18:23:02","guid":{"rendered":"https:\/\/agora.xtec.cat\/ceip-falba\/?p=11093"},"modified":"2023-12-02T12:52:21","modified_gmt":"2023-12-02T11:52:21","slug":"dia-internacional-de-les-llengues-maternes","status":"publish","type":"post","link":"https:\/\/agora.xtec.cat\/ceip-falba\/portada\/dia-internacional-de-les-llengues-maternes\/","title":{"rendered":"Dia Internacional de la Llengua materna"},"content":{"rendered":"<p>El 21 de febrer \u00e9s el dia Internacional de la Llengua materna i per celebrar-ho, durant aquesta setmana a l&#8217;escola, s&#8217;han organitzat diferents activitats.<\/p>\n<p style=\"text-align: left;\">La Comunitat Petita i Mitjana han gaudit amb els contes que fam\u00edlies de l&#8217;escola han explicat en la seva llengua materna. Quant a la Comunitat Gran, els grups de 4t i 5\u00e8 han participat d&#8217;una activitat, preparada pel promotor gitano, amb la que han apr\u00e8s moltes paraules en llengua cal\u00f3, l&#8217;idioma del poble gitano. Els grups de 6\u00e8 van fer una visita a l&#8217;institut Torre del Palau on van participar de diverses activitats en angl\u00e8s.<\/p>\n<p>Si voleu veure algunes imatges de totes aquestes activitats cliqueu en el seg\u00fcent enlla\u00e7.<\/p>\n<p><a href=\"https:\/\/photos.app.goo.gl\/5bNuqzLq4GxKjsMr6\">21 de febrer Dia Internacional de les Lleng\u00fces Matenes<\/a><\/p>\n","protected":false},"excerpt":{"rendered":"<p>El 21 de febrer \u00e9s el dia Internacional de la Llengua materna i per celebrar-ho, durant aquesta setmana a l&#8217;escola, s&#8217;han organitzat diferents activitats.<br \/>\nLa Comunitat Petita i Mitjana han gaudit amb els contes que fam\u00edlies de l&#8217;escola han explicat en la seva llengua materna. Quant&hellip;  <a href=\"https:\/\/agora.xtec.cat\/ceip-falba\/portada\/dia-internacional-de-les-llengues-maternes\/\" title=\"Read Dia Internacional de la Llengua materna\">Llegeix m\u00e9s\u00bb<\/a><\/p>\n","protected":false},"author":94,"featured_media":11098,"comment_status":"closed","ping_status":"closed","sticky":false,"template":"","format":"standard","meta":{"_bbp_topic_count":0,"_bbp_reply_count":0,"_bbp_total_topic_count":0,"_bbp_total_reply_count":0,"_bbp_voice_count":0,"_bbp_anonymous_reply_count":0,"_bbp_topic_count_hidden":0,"_bbp_reply_count_hidden":0,"_bbp_forum_subforum_count":0,"footnotes":""},"categories":[428,434,452,4],"tags":[],"class_list":["post-11093","post","type-post","status-publish","format-standard","has-post-thumbnail","hentry","category-comissio-lic","category-curs-2022-2023","category-dia-internacional-de-les-llengues-maternes","category-portada"],"post_mailing_queue_ids":[],"_links":{"self":[{"href":"https:\/\/agora.xtec.cat\/ceip-falba\/wp-json\/wp\/v2\/posts\/11093","targetHints":{"allow":["GET"]}}],"collection":[{"href":"https:\/\/agora.xtec.cat\/ceip-falba\/wp-json\/wp\/v2\/posts"}],"about":[{"href":"https:\/\/agora.xtec.cat\/ceip-falba\/wp-json\/wp\/v2\/types\/post"}],"author":[{"embeddable":true,"href":"https:\/\/agora.xtec.cat\/ceip-falba\/wp-json\/wp\/v2\/users\/94"}],"replies":[{"embeddable":true,"href":"https:\/\/agora.xtec.cat\/ceip-falba\/wp-json\/wp\/v2\/comments?post=11093"}],"version-history":[{"count":5,"href":"https:\/\/agora.xtec.cat\/ceip-falba\/wp-json\/wp\/v2\/posts\/11093\/revisions"}],"predecessor-version":[{"id":11897,"href":"https:\/\/agora.xtec.cat\/ceip-falba\/wp-json\/wp\/v2\/posts\/11093\/revisions\/11897"}],"wp:featuredmedia":[{"embeddable":true,"href":"https:\/\/agora.xtec.cat\/ceip-falba\/wp-json\/wp\/v2\/media\/11098"}],"wp:attachment":[{"href":"https:\/\/agora.xtec.cat\/ceip-falba\/wp-json\/wp\/v2\/media?parent=11093"}],"wp:term":[{"taxonomy":"category","embeddable":true,"href":"https:\/\/agora.xtec.cat\/ceip-falba\/wp-json\/wp\/v2\/categories?post=11093"},{"taxonomy":"post_tag","embeddable":true,"href":"https:\/\/agora.xtec.cat\/ceip-falba\/wp-json\/wp\/v2\/tags?post=11093"}],"curies":[{"name":"wp","href":"https:\/\/api.w.org\/{rel}","templated":true}]}}