{"id":10915,"date":"2022-12-22T12:57:55","date_gmt":"2022-12-22T11:57:55","guid":{"rendered":"https:\/\/agora.xtec.cat\/ceip-falba\/?p=10915"},"modified":"2023-02-10T17:10:30","modified_gmt":"2023-02-10T16:10:30","slug":"nadal-al-mon-passeig-pel-vestibul-2022-2023","status":"publish","type":"post","link":"https:\/\/agora.xtec.cat\/ceip-falba\/general\/nadal-al-mon-passeig-pel-vestibul-2022-2023\/","title":{"rendered":"NADAL AL M\u00d3N (PASSEIG PEL VEST\u00cdBUL) 2022-2023"},"content":{"rendered":"<p><iframe loading=\"lazy\" title=\"NADAL AL M\u00d3N (PASSEIG PEL VEST\u00cdBUL) 2022-2023\" width=\"500\" height=\"281\" src=\"https:\/\/www.youtube.com\/embed\/mipe3QPLhV8?feature=oembed\" frameborder=\"0\" allow=\"accelerometer; autoplay; clipboard-write; encrypted-media; gyroscope; picture-in-picture; web-share\" referrerpolicy=\"strict-origin-when-cross-origin\" allowfullscreen><\/iframe><\/p>\n<p>En aquest video els infants de 4rt ens presenten les tasques que ha realitzat la Comunitat de Grans (4rt, 5\u00e8 i 6\u00e8) sobre el Nadal al M\u00d3n, i totes les postals de tots i toles les alumnes de la nostra escola. I que alumnes i fam\u00edlies vau poder gaudir els passats dies 19 i 20 de desembre. Esperem que us agradi!!!<\/p>\n<p>Els i les alumnes de 4t.<\/p>\n<p>Pd: aquest contingut el teniem al canal de youtube, per\u00f2 no a la web, disculpeu les mol\u00e8sties!!!<\/p>\n","protected":false},"excerpt":{"rendered":"<p>En aquest video els infants de 4rt ens presenten les tasques que ha realitzat la Comunitat de Grans (4rt, 5\u00e8 i 6\u00e8) sobre el Nadal al M\u00d3n, i totes les postals de tots i toles les alumnes de la nostra escola. I que alumnes i&hellip;  <a href=\"https:\/\/agora.xtec.cat\/ceip-falba\/general\/nadal-al-mon-passeig-pel-vestibul-2022-2023\/\" title=\"Read NADAL AL M\u00d3N (PASSEIG PEL VEST\u00cdBUL) 2022-2023\">Llegeix m\u00e9s\u00bb<\/a><\/p>\n","protected":false},"author":20,"featured_media":0,"comment_status":"closed","ping_status":"closed","sticky":false,"template":"","format":"standard","meta":{"_bbp_topic_count":0,"_bbp_reply_count":0,"_bbp_total_topic_count":0,"_bbp_total_reply_count":0,"_bbp_voice_count":0,"_bbp_anonymous_reply_count":0,"_bbp_topic_count_hidden":0,"_bbp_reply_count_hidden":0,"_bbp_forum_subforum_count":0,"footnotes":""},"categories":[211,445,35,1,157,4],"tags":[],"class_list":["post-10915","post","type-post","status-publish","format-standard","hentry","category-4t","category-comunitat-gran","category-festes","category-general","category-nadal","category-portada"],"post_mailing_queue_ids":[],"_links":{"self":[{"href":"https:\/\/agora.xtec.cat\/ceip-falba\/wp-json\/wp\/v2\/posts\/10915","targetHints":{"allow":["GET"]}}],"collection":[{"href":"https:\/\/agora.xtec.cat\/ceip-falba\/wp-json\/wp\/v2\/posts"}],"about":[{"href":"https:\/\/agora.xtec.cat\/ceip-falba\/wp-json\/wp\/v2\/types\/post"}],"author":[{"embeddable":true,"href":"https:\/\/agora.xtec.cat\/ceip-falba\/wp-json\/wp\/v2\/users\/20"}],"replies":[{"embeddable":true,"href":"https:\/\/agora.xtec.cat\/ceip-falba\/wp-json\/wp\/v2\/comments?post=10915"}],"version-history":[{"count":3,"href":"https:\/\/agora.xtec.cat\/ceip-falba\/wp-json\/wp\/v2\/posts\/10915\/revisions"}],"predecessor-version":[{"id":10923,"href":"https:\/\/agora.xtec.cat\/ceip-falba\/wp-json\/wp\/v2\/posts\/10915\/revisions\/10923"}],"wp:attachment":[{"href":"https:\/\/agora.xtec.cat\/ceip-falba\/wp-json\/wp\/v2\/media?parent=10915"}],"wp:term":[{"taxonomy":"category","embeddable":true,"href":"https:\/\/agora.xtec.cat\/ceip-falba\/wp-json\/wp\/v2\/categories?post=10915"},{"taxonomy":"post_tag","embeddable":true,"href":"https:\/\/agora.xtec.cat\/ceip-falba\/wp-json\/wp\/v2\/tags?post=10915"}],"curies":[{"name":"wp","href":"https:\/\/api.w.org\/{rel}","templated":true}]}}