{"id":10857,"date":"2023-02-03T20:08:02","date_gmt":"2023-02-03T19:08:02","guid":{"rendered":"https:\/\/agora.xtec.cat\/ceip-falba\/?p=10857"},"modified":"2023-02-03T20:10:06","modified_gmt":"2023-02-03T19:10:06","slug":"4-de-febrer-dia-mundial-contra-el-cancer","status":"publish","type":"post","link":"https:\/\/agora.xtec.cat\/ceip-falba\/general\/4-de-febrer-dia-mundial-contra-el-cancer\/","title":{"rendered":"4 de febrer Dia Mundial contra el c\u00e0ncer"},"content":{"rendered":"<p><strong>Sabeu que el 4 de febrer \u00e9s el Dia Mundial contra el c\u00e0ncer? <\/strong><\/p>\n<p>Aquesta pregunta la va fer una nena de 4t, vem respondre que no, per\u00f2 de seguida es va generar un debat molt interessant i emotiu sobre aquest tema. Tots els nens i nenes van mostrar molt inter\u00e8s en fer alguna cosa per treballar aquest dia.<\/p>\n<p>Van sortir moltes propostes i avui hem portat a terme algunes d&#8217;elles. Hem fet lla\u00e7os amb els colors que representen les diferents tipologies de c\u00e0ncer, hem fet cartells amb missatges motivadors i tamb\u00e9 hem tingut la necessitat d&#8217;explicar tot aix\u00f2 als nens i nenes de la nostra comunitat.<\/p>\n<p>Ha estat una jornada molt emotiva, on hem gaudit treballant per una causa important. Si voleu veure tota la feina feta podeu clicar aquest enlla\u00e7.<\/p>\n<p><a href=\"https:\/\/photos.app.goo.gl\/8uK2Dgs9L6A2hEmJ7\">4 de febrer Dia Mundial contra el c\u00e0ncer<\/a><\/p>\n","protected":false},"excerpt":{"rendered":"<p>Sabeu que el 4 de febrer \u00e9s el Dia Mundial contra el c\u00e0ncer?<br \/>\nAquesta pregunta la va fer una nena de 4t, vem respondre que no, per\u00f2 de seguida es va generar un debat molt interessant i emotiu sobre aquest tema. Tots els nens i&hellip;  <a href=\"https:\/\/agora.xtec.cat\/ceip-falba\/general\/4-de-febrer-dia-mundial-contra-el-cancer\/\" title=\"Read 4 de febrer Dia Mundial contra el c\u00e0ncer\">Llegeix m\u00e9s\u00bb<\/a><\/p>\n","protected":false},"author":94,"featured_media":10861,"comment_status":"closed","ping_status":"closed","sticky":false,"template":"","format":"standard","meta":{"_bbp_topic_count":0,"_bbp_reply_count":0,"_bbp_total_topic_count":0,"_bbp_total_reply_count":0,"_bbp_voice_count":0,"_bbp_anonymous_reply_count":0,"_bbp_topic_count_hidden":0,"_bbp_reply_count_hidden":0,"_bbp_forum_subforum_count":0,"footnotes":""},"categories":[211,445,434,449,1,4],"tags":[],"class_list":["post-10857","post","type-post","status-publish","format-standard","has-post-thumbnail","hentry","category-4t","category-comunitat-gran","category-curs-2022-2023","category-4-de-febrer-dia-mundial-contra-el-cancer","category-general","category-portada"],"post_mailing_queue_ids":[],"_links":{"self":[{"href":"https:\/\/agora.xtec.cat\/ceip-falba\/wp-json\/wp\/v2\/posts\/10857","targetHints":{"allow":["GET"]}}],"collection":[{"href":"https:\/\/agora.xtec.cat\/ceip-falba\/wp-json\/wp\/v2\/posts"}],"about":[{"href":"https:\/\/agora.xtec.cat\/ceip-falba\/wp-json\/wp\/v2\/types\/post"}],"author":[{"embeddable":true,"href":"https:\/\/agora.xtec.cat\/ceip-falba\/wp-json\/wp\/v2\/users\/94"}],"replies":[{"embeddable":true,"href":"https:\/\/agora.xtec.cat\/ceip-falba\/wp-json\/wp\/v2\/comments?post=10857"}],"version-history":[{"count":3,"href":"https:\/\/agora.xtec.cat\/ceip-falba\/wp-json\/wp\/v2\/posts\/10857\/revisions"}],"predecessor-version":[{"id":10864,"href":"https:\/\/agora.xtec.cat\/ceip-falba\/wp-json\/wp\/v2\/posts\/10857\/revisions\/10864"}],"wp:featuredmedia":[{"embeddable":true,"href":"https:\/\/agora.xtec.cat\/ceip-falba\/wp-json\/wp\/v2\/media\/10861"}],"wp:attachment":[{"href":"https:\/\/agora.xtec.cat\/ceip-falba\/wp-json\/wp\/v2\/media?parent=10857"}],"wp:term":[{"taxonomy":"category","embeddable":true,"href":"https:\/\/agora.xtec.cat\/ceip-falba\/wp-json\/wp\/v2\/categories?post=10857"},{"taxonomy":"post_tag","embeddable":true,"href":"https:\/\/agora.xtec.cat\/ceip-falba\/wp-json\/wp\/v2\/tags?post=10857"}],"curies":[{"name":"wp","href":"https:\/\/api.w.org\/{rel}","templated":true}]}}