{"id":10827,"date":"2023-02-02T18:10:15","date_gmt":"2023-02-02T17:10:15","guid":{"rendered":"https:\/\/agora.xtec.cat\/ceip-falba\/?p=10827"},"modified":"2023-12-02T12:06:37","modified_gmt":"2023-12-02T11:06:37","slug":"a-1r-aprenem-sobre-lescola-i-el-barri","status":"publish","type":"post","link":"https:\/\/agora.xtec.cat\/ceip-falba\/general\/a-1r-aprenem-sobre-lescola-i-el-barri\/","title":{"rendered":"A primer aprenem sobre l&#8217;escola i el barri"},"content":{"rendered":"<p style=\"text-align: left;\">A primer sempre treballem el context &#8220;Escola i Carrer&#8221;. A trav\u00e9s de l&#8217;exploraci\u00f3 i la investigaci\u00f3 intentem apropar l&#8217;alumnat al barri.<br \/>\nAl llarg d&#8217;aquest context la classe dels Estels, de primer, ha pogut descobrir l&#8217;escola amb les <span class=\"hiddenSpellError\">Beebot<\/span>, a situar-se en un pl\u00e0nol i fer-hi despla\u00e7aments.<br \/>\nTots plegats han investigat sobre les persones que hi treballen a l&#8217;escola, les aules que m\u00e9s utilitzem i els carrers i petits comer\u00e7os que ens envolten. Dins d&#8217;aquest proc\u00e9s han tingut temps per sortir a observar l&#8217;escola i crear el seu propi dibuix de la fa\u00e7ana.<\/p>\n<p>Us deixem algunes fotos! \u00a0<a href=\"https:\/\/photos.app.goo.gl\/uq3s5fmxLnQsReYr5\"><strong>CLICA<\/strong><\/a><\/p>\n<p>&nbsp;<\/p>\n","protected":false},"excerpt":{"rendered":"<p>A primer sempre treballem el context &#8220;Escola i Carrer&#8221;. A trav\u00e9s de l&#8217;exploraci\u00f3 i la investigaci\u00f3 intentem apropar l&#8217;alumnat al barri.<br \/>\nAl llarg d&#8217;aquest context la classe dels Estels, de primer, ha pogut descobrir l&#8217;escola amb les Beebot, a situar-se en un pl\u00e0nol i fer-hi despla\u00e7aments.<br \/>\nTots&hellip;  <a href=\"https:\/\/agora.xtec.cat\/ceip-falba\/general\/a-1r-aprenem-sobre-lescola-i-el-barri\/\" title=\"Read A primer aprenem sobre l&#8217;escola i el barri\">Llegeix m\u00e9s\u00bb<\/a><\/p>\n","protected":false},"author":96,"featured_media":10828,"comment_status":"closed","ping_status":"closed","sticky":false,"template":"","format":"standard","meta":{"_bbp_topic_count":0,"_bbp_reply_count":0,"_bbp_total_topic_count":0,"_bbp_total_reply_count":0,"_bbp_voice_count":0,"_bbp_anonymous_reply_count":0,"_bbp_topic_count_hidden":0,"_bbp_reply_count_hidden":0,"_bbp_forum_subforum_count":0,"footnotes":""},"categories":[10,442,453,434,1,4,467,470],"tags":[446,349,374],"class_list":["post-10827","post","type-post","status-publish","format-standard","has-post-thumbnail","hentry","category-1r","category-comunitat-mitjana","category-contextos-daprenentatge","category-curs-2022-2023","category-general","category-portada","category-robotica","category-tecnologies","tag-comunitatmitjana","tag-context","tag-primer"],"post_mailing_queue_ids":[],"_links":{"self":[{"href":"https:\/\/agora.xtec.cat\/ceip-falba\/wp-json\/wp\/v2\/posts\/10827","targetHints":{"allow":["GET"]}}],"collection":[{"href":"https:\/\/agora.xtec.cat\/ceip-falba\/wp-json\/wp\/v2\/posts"}],"about":[{"href":"https:\/\/agora.xtec.cat\/ceip-falba\/wp-json\/wp\/v2\/types\/post"}],"author":[{"embeddable":true,"href":"https:\/\/agora.xtec.cat\/ceip-falba\/wp-json\/wp\/v2\/users\/96"}],"replies":[{"embeddable":true,"href":"https:\/\/agora.xtec.cat\/ceip-falba\/wp-json\/wp\/v2\/comments?post=10827"}],"version-history":[{"count":4,"href":"https:\/\/agora.xtec.cat\/ceip-falba\/wp-json\/wp\/v2\/posts\/10827\/revisions"}],"predecessor-version":[{"id":11872,"href":"https:\/\/agora.xtec.cat\/ceip-falba\/wp-json\/wp\/v2\/posts\/10827\/revisions\/11872"}],"wp:featuredmedia":[{"embeddable":true,"href":"https:\/\/agora.xtec.cat\/ceip-falba\/wp-json\/wp\/v2\/media\/10828"}],"wp:attachment":[{"href":"https:\/\/agora.xtec.cat\/ceip-falba\/wp-json\/wp\/v2\/media?parent=10827"}],"wp:term":[{"taxonomy":"category","embeddable":true,"href":"https:\/\/agora.xtec.cat\/ceip-falba\/wp-json\/wp\/v2\/categories?post=10827"},{"taxonomy":"post_tag","embeddable":true,"href":"https:\/\/agora.xtec.cat\/ceip-falba\/wp-json\/wp\/v2\/tags?post=10827"}],"curies":[{"name":"wp","href":"https:\/\/api.w.org\/{rel}","templated":true}]}}