{"id":10818,"date":"2023-01-30T19:05:01","date_gmt":"2023-01-30T18:05:01","guid":{"rendered":"https:\/\/agora.xtec.cat\/ceip-falba\/?p=10818"},"modified":"2023-02-03T19:08:40","modified_gmt":"2023-02-03T18:08:40","slug":"dia-escolar-de-la-no-violencia-i-la-pau-2","status":"publish","type":"post","link":"https:\/\/agora.xtec.cat\/ceip-falba\/general\/dia-escolar-de-la-no-violencia-i-la-pau-2\/","title":{"rendered":"Dia Escolar de la No-viol\u00e8ncia i la Pau"},"content":{"rendered":"<p>El 30 de gener, coincidint amb l&#8217;aniversari de la mort de Mahatma Gandhi, se celebra el Dia Escolar de la No-viol\u00e8ncia i la Pau. Mahatma Gandhi (\u00cdndia, 1869-1948), va ser un l\u00edder pacifista que va defensar i promoure la no-viol\u00e8ncia aix\u00ed com la resist\u00e8ncia pac\u00edfica front la injust\u00edcia.<\/p>\n<p>Els objectius del Dia Escolar de la No-viol\u00e8ncia i la Pau s\u00f3n:<\/p>\n<ul>\n<li>Sensibilitzar que la pau \u00e9s molt m\u00e9s que l&#8217;abs\u00e8ncia de guerres i baralles.<\/li>\n<li>Saber resoldre els conflictes de manera pac\u00edfica i dialogant, \u00e9s a dir, expressant les opinions de forma tranquil\u00b7la, clara i ordenada.<\/li>\n<li>Compartir una estona amb tots els alumnes i mestres amb la finalitat de celebrar la diada de la no-viol\u00e8ncia i la pau.<\/li>\n<\/ul>\n<p>A la nostra escola celebrem aquest dia fent diferents activitats. Si voleu saber que hem fet, podeu clicar per veure les fotos.<\/p>\n<p><a href=\"https:\/\/photos.app.goo.gl\/98JaZYcjSLhkoUGT8\">Fotos del Dia Escolar de la No-viol\u00e8ncia i la Pau<\/a><\/p>\n","protected":false},"excerpt":{"rendered":"<p>El 30 de gener, coincidint amb l&#8217;aniversari de la mort de Mahatma Gandhi, se celebra el Dia Escolar de la No-viol\u00e8ncia i la Pau. Mahatma Gandhi (\u00cdndia, 1869-1948), va ser un l\u00edder pacifista que va defensar i promoure la no-viol\u00e8ncia aix\u00ed com la resist\u00e8ncia pac\u00edfica&hellip;  <a href=\"https:\/\/agora.xtec.cat\/ceip-falba\/general\/dia-escolar-de-la-no-violencia-i-la-pau-2\/\" title=\"Read Dia Escolar de la No-viol\u00e8ncia i la Pau\">Llegeix m\u00e9s\u00bb<\/a><\/p>\n","protected":false},"author":94,"featured_media":10819,"comment_status":"closed","ping_status":"closed","sticky":false,"template":"","format":"standard","meta":{"_bbp_topic_count":0,"_bbp_reply_count":0,"_bbp_total_topic_count":0,"_bbp_total_reply_count":0,"_bbp_voice_count":0,"_bbp_anonymous_reply_count":0,"_bbp_topic_count_hidden":0,"_bbp_reply_count_hidden":0,"_bbp_forum_subforum_count":0,"footnotes":""},"categories":[428,434,172,1,4],"tags":[],"class_list":["post-10818","post","type-post","status-publish","format-standard","has-post-thumbnail","hentry","category-comissio-lic","category-curs-2022-2023","category-dies-internacionals","category-general","category-portada"],"post_mailing_queue_ids":[],"_links":{"self":[{"href":"https:\/\/agora.xtec.cat\/ceip-falba\/wp-json\/wp\/v2\/posts\/10818","targetHints":{"allow":["GET"]}}],"collection":[{"href":"https:\/\/agora.xtec.cat\/ceip-falba\/wp-json\/wp\/v2\/posts"}],"about":[{"href":"https:\/\/agora.xtec.cat\/ceip-falba\/wp-json\/wp\/v2\/types\/post"}],"author":[{"embeddable":true,"href":"https:\/\/agora.xtec.cat\/ceip-falba\/wp-json\/wp\/v2\/users\/94"}],"replies":[{"embeddable":true,"href":"https:\/\/agora.xtec.cat\/ceip-falba\/wp-json\/wp\/v2\/comments?post=10818"}],"version-history":[{"count":2,"href":"https:\/\/agora.xtec.cat\/ceip-falba\/wp-json\/wp\/v2\/posts\/10818\/revisions"}],"predecessor-version":[{"id":10856,"href":"https:\/\/agora.xtec.cat\/ceip-falba\/wp-json\/wp\/v2\/posts\/10818\/revisions\/10856"}],"wp:featuredmedia":[{"embeddable":true,"href":"https:\/\/agora.xtec.cat\/ceip-falba\/wp-json\/wp\/v2\/media\/10819"}],"wp:attachment":[{"href":"https:\/\/agora.xtec.cat\/ceip-falba\/wp-json\/wp\/v2\/media?parent=10818"}],"wp:term":[{"taxonomy":"category","embeddable":true,"href":"https:\/\/agora.xtec.cat\/ceip-falba\/wp-json\/wp\/v2\/categories?post=10818"},{"taxonomy":"post_tag","embeddable":true,"href":"https:\/\/agora.xtec.cat\/ceip-falba\/wp-json\/wp\/v2\/tags?post=10818"}],"curies":[{"name":"wp","href":"https:\/\/api.w.org\/{rel}","templated":true}]}}