{"id":10722,"date":"2022-12-05T14:09:35","date_gmt":"2022-12-05T13:09:35","guid":{"rendered":"https:\/\/agora.xtec.cat\/ceip-falba\/?p=10722"},"modified":"2023-12-02T13:02:58","modified_gmt":"2023-12-02T12:02:58","slug":"la-fact-fupar-comunitat-petita","status":"publish","type":"post","link":"https:\/\/agora.xtec.cat\/ceip-falba\/infantil\/la-fact-fupar-comunitat-petita\/","title":{"rendered":"LA FACT- FUPAR- Comunitat Petita"},"content":{"rendered":"<p>Com cada any, la comunitat petita de l&#8217;escola ha anat a la Fundaci\u00f3 <strong>LaFact-Fupar<\/strong> a visitar als nostres companys\/es.<\/p>\n<p>Aquests ens han explicat el conte del Patge Xiu Xiu de Terrassa i despr\u00e9s ens han ajudat a fer la titella del Patge per a que cadasc\u00fa tingu\u00e9s una! Ens agrada molt compartir estones i moments amb ells\/es i ens ho passem d&#8217;all\u00f2 m\u00e9s b\u00e9!<\/p>\n<p>Aprofitant que hem anant a l&#8217;\u00e8poca on s&#8217;apropa el Nadal, hem vist com estava tot decorat i fins i tot ens han ensenyat la can\u00e7\u00f3 de la Rumba del Xiuxiu.<\/p>\n<p>Gr\u00e0cies per tot! <em>@lafact_fupar\u00a0<\/em><\/p>\n<p><a href=\"https:\/\/photos.app.goo.gl\/iRi5otUtA64MhsMz5\"><strong>CLIQUEU AQU\u00cd PER VEURE LES FOTOS\u00a0<\/strong><\/a><\/p>\n<p><a href=\"https:\/\/agora.xtec.cat\/ceip-falba\/wp-content\/uploads\/usu658\/2022\/12\/e1cb5097-ef6d-41f6-a268-193246f00146.jpg\"><img loading=\"lazy\" decoding=\"async\" class=\"alignnone size-large wp-image-10723\" src=\"https:\/\/agora.xtec.cat\/ceip-falba\/wp-content\/uploads\/usu658\/2022\/12\/e1cb5097-ef6d-41f6-a268-193246f00146-768x1024.jpg\" alt=\"\" width=\"768\" height=\"1024\" srcset=\"https:\/\/agora.xtec.cat\/ceip-falba\/wp-content\/uploads\/usu658\/2022\/12\/e1cb5097-ef6d-41f6-a268-193246f00146-768x1024.jpg 768w, https:\/\/agora.xtec.cat\/ceip-falba\/wp-content\/uploads\/usu658\/2022\/12\/e1cb5097-ef6d-41f6-a268-193246f00146-225x300.jpg 225w, https:\/\/agora.xtec.cat\/ceip-falba\/wp-content\/uploads\/usu658\/2022\/12\/e1cb5097-ef6d-41f6-a268-193246f00146.jpg 960w\" sizes=\"auto, (max-width: 768px) 100vw, 768px\" \/><\/a><\/p>\n","protected":false},"excerpt":{"rendered":"<p>Com cada any, la comunitat petita de l&#8217;escola ha anat a la Fundaci\u00f3 LaFact-Fupar a visitar als nostres companys\/es.<br \/>\nAquests ens han explicat el conte del Patge Xiu Xiu de Terrassa i despr\u00e9s ens han ajudat a fer la titella del Patge per a que cadasc\u00fa&hellip;  <a href=\"https:\/\/agora.xtec.cat\/ceip-falba\/infantil\/la-fact-fupar-comunitat-petita\/\" title=\"Read LA FACT- FUPAR- Comunitat Petita\">Llegeix m\u00e9s\u00bb<\/a><\/p>\n","protected":false},"author":71,"featured_media":10723,"comment_status":"closed","ping_status":"closed","sticky":false,"template":"","format":"standard","meta":{"_bbp_topic_count":0,"_bbp_reply_count":0,"_bbp_total_topic_count":0,"_bbp_total_reply_count":0,"_bbp_voice_count":0,"_bbp_anonymous_reply_count":0,"_bbp_topic_count_hidden":0,"_bbp_reply_count_hidden":0,"_bbp_forum_subforum_count":0,"footnotes":""},"categories":[340,434,35,3,8,9,2,4],"tags":[],"class_list":["post-10722","post","type-post","status-publish","format-standard","has-post-thumbnail","hentry","category-comunitat-de-petits","category-curs-2022-2023","category-festes","category-p3","category-p4","category-p5","category-infantil","category-portada"],"post_mailing_queue_ids":[],"_links":{"self":[{"href":"https:\/\/agora.xtec.cat\/ceip-falba\/wp-json\/wp\/v2\/posts\/10722","targetHints":{"allow":["GET"]}}],"collection":[{"href":"https:\/\/agora.xtec.cat\/ceip-falba\/wp-json\/wp\/v2\/posts"}],"about":[{"href":"https:\/\/agora.xtec.cat\/ceip-falba\/wp-json\/wp\/v2\/types\/post"}],"author":[{"embeddable":true,"href":"https:\/\/agora.xtec.cat\/ceip-falba\/wp-json\/wp\/v2\/users\/71"}],"replies":[{"embeddable":true,"href":"https:\/\/agora.xtec.cat\/ceip-falba\/wp-json\/wp\/v2\/comments?post=10722"}],"version-history":[{"count":2,"href":"https:\/\/agora.xtec.cat\/ceip-falba\/wp-json\/wp\/v2\/posts\/10722\/revisions"}],"predecessor-version":[{"id":11905,"href":"https:\/\/agora.xtec.cat\/ceip-falba\/wp-json\/wp\/v2\/posts\/10722\/revisions\/11905"}],"wp:featuredmedia":[{"embeddable":true,"href":"https:\/\/agora.xtec.cat\/ceip-falba\/wp-json\/wp\/v2\/media\/10723"}],"wp:attachment":[{"href":"https:\/\/agora.xtec.cat\/ceip-falba\/wp-json\/wp\/v2\/media?parent=10722"}],"wp:term":[{"taxonomy":"category","embeddable":true,"href":"https:\/\/agora.xtec.cat\/ceip-falba\/wp-json\/wp\/v2\/categories?post=10722"},{"taxonomy":"post_tag","embeddable":true,"href":"https:\/\/agora.xtec.cat\/ceip-falba\/wp-json\/wp\/v2\/tags?post=10722"}],"curies":[{"name":"wp","href":"https:\/\/api.w.org\/{rel}","templated":true}]}}