{"id":10655,"date":"2022-11-22T07:36:27","date_gmt":"2022-11-22T06:36:27","guid":{"rendered":"https:\/\/agora.xtec.cat\/ceip-falba\/?p=10655"},"modified":"2023-12-02T13:04:30","modified_gmt":"2023-12-02T12:04:30","slug":"exploradors-de-la-dansa-1r-i-2n","status":"publish","type":"post","link":"https:\/\/agora.xtec.cat\/ceip-falba\/general\/exploradors-de-la-dansa-1r-i-2n\/","title":{"rendered":"Exploradors de la dansa, 1r i 2n"},"content":{"rendered":"<p style=\"font-weight: 400;\"><strong>Exploradors de la dansa<\/strong>, \u00e9s un programa realitzat al Centre Cultural de Terrassa que dona a con\u00e8ixer com funciona un ballet i desperta l&#8217;inter\u00e8s dels m\u00e9s petits, a trav\u00e9s de l&#8217;obra cl\u00e0ssica El Trencanous.<\/p>\n<p style=\"font-weight: 400;\">Aquest ens ajuda a acostar al nostre alumnat la dansa i l&#8217;expressi\u00f3 corporal, descobrint les possibilitats expressives del cos. Amb els nostres nens i nenes de primer i segon ens hem apropat al dia a dia d&#8217;un bon grup de ballarins i ballarines que preparen el ballet de Trencanous de Txaikovski.<\/p>\n<p style=\"font-weight: 400;\">Durant el mat\u00ed ens van explicar la hist\u00f2ria que amaga aquest ballet, vam con\u00e8ixer el vestuari de cada personatge, vam fer un taller de pantomima amb alguns dels ballarins i ballarines i finalment vam veure l&#8217;assaig en directe del treball art\u00edstic que fan cada dia.<\/p>\n<p style=\"font-weight: 400;\">Estem desitjant poder anar a veure un fragment del ballet en directe i poder comprovar de primera m\u00e0 com es combinen tots aquests aspectes que ens han ensenyat.<\/p>\n<p>Us deixem algunes fotos de l&#8217;activitat!! \u00a0<a href=\"https:\/\/photos.app.goo.gl\/5AqGRwCiyq584Mqx8\"><strong>CLICA<\/strong><\/a><\/p>\n","protected":false},"excerpt":{"rendered":"<p>Exploradors de la dansa, \u00e9s un programa realitzat al Centre Cultural de Terrassa que dona a con\u00e8ixer com funciona un ballet i desperta l&#8217;inter\u00e8s dels m\u00e9s petits, a trav\u00e9s de l&#8217;obra cl\u00e0ssica El Trencanous.<br \/>\nAquest ens ajuda a acostar al nostre alumnat la dansa i l&#8217;expressi\u00f3&hellip;  <a href=\"https:\/\/agora.xtec.cat\/ceip-falba\/general\/exploradors-de-la-dansa-1r-i-2n\/\" title=\"Read Exploradors de la dansa, 1r i 2n\">Llegeix m\u00e9s\u00bb<\/a><\/p>\n","protected":false},"author":96,"featured_media":10656,"comment_status":"closed","ping_status":"closed","sticky":false,"template":"","format":"standard","meta":{"_bbp_topic_count":0,"_bbp_reply_count":0,"_bbp_total_topic_count":0,"_bbp_total_reply_count":0,"_bbp_voice_count":0,"_bbp_anonymous_reply_count":0,"_bbp_topic_count_hidden":0,"_bbp_reply_count_hidden":0,"_bbp_forum_subforum_count":0,"footnotes":""},"categories":[10,11,442,434,1,4,427],"tags":[],"class_list":["post-10655","post","type-post","status-publish","format-standard","has-post-thumbnail","hentry","category-1r","category-2n","category-comunitat-mitjana","category-curs-2022-2023","category-general","category-portada","category-sortida"],"post_mailing_queue_ids":[],"_links":{"self":[{"href":"https:\/\/agora.xtec.cat\/ceip-falba\/wp-json\/wp\/v2\/posts\/10655","targetHints":{"allow":["GET"]}}],"collection":[{"href":"https:\/\/agora.xtec.cat\/ceip-falba\/wp-json\/wp\/v2\/posts"}],"about":[{"href":"https:\/\/agora.xtec.cat\/ceip-falba\/wp-json\/wp\/v2\/types\/post"}],"author":[{"embeddable":true,"href":"https:\/\/agora.xtec.cat\/ceip-falba\/wp-json\/wp\/v2\/users\/96"}],"replies":[{"embeddable":true,"href":"https:\/\/agora.xtec.cat\/ceip-falba\/wp-json\/wp\/v2\/comments?post=10655"}],"version-history":[{"count":2,"href":"https:\/\/agora.xtec.cat\/ceip-falba\/wp-json\/wp\/v2\/posts\/10655\/revisions"}],"predecessor-version":[{"id":11907,"href":"https:\/\/agora.xtec.cat\/ceip-falba\/wp-json\/wp\/v2\/posts\/10655\/revisions\/11907"}],"wp:featuredmedia":[{"embeddable":true,"href":"https:\/\/agora.xtec.cat\/ceip-falba\/wp-json\/wp\/v2\/media\/10656"}],"wp:attachment":[{"href":"https:\/\/agora.xtec.cat\/ceip-falba\/wp-json\/wp\/v2\/media?parent=10655"}],"wp:term":[{"taxonomy":"category","embeddable":true,"href":"https:\/\/agora.xtec.cat\/ceip-falba\/wp-json\/wp\/v2\/categories?post=10655"},{"taxonomy":"post_tag","embeddable":true,"href":"https:\/\/agora.xtec.cat\/ceip-falba\/wp-json\/wp\/v2\/tags?post=10655"}],"curies":[{"name":"wp","href":"https:\/\/api.w.org\/{rel}","templated":true}]}}