{"id":10631,"date":"2022-11-17T22:26:50","date_gmt":"2022-11-17T21:26:50","guid":{"rendered":"https:\/\/agora.xtec.cat\/ceip-falba\/?p=10631"},"modified":"2023-12-02T12:09:23","modified_gmt":"2023-12-02T11:09:23","slug":"anem-al-mnatec","status":"publish","type":"post","link":"https:\/\/agora.xtec.cat\/ceip-falba\/general\/anem-al-mnatec\/","title":{"rendered":"Anem al MNATEC"},"content":{"rendered":"<p>Els nens i nenes de 4t hem anat al Museu Nacional de la Ci\u00e8ncia i la T\u00e8cnica de Catalunya a gaudir de\u00a0 l&#8217;exposici\u00f3 En\u00e9rgeia.\u00a0 Un recorregut per les diferents fonts d&#8217;energia com a motors de l&#8217;activitat humana i la industrialitzaci\u00f3. Aquesta exposici\u00f3 permet comprendre la import\u00e0ncia de la utilitzaci\u00f3 de les fonts d\u2019energia al llarg del temps. Coneixements molt interessants que podrem treballar al context que estem tractant aquest trimestre.<\/p>\n<p>Si voleu veure la nostra experi\u00e8ncia al museu, cliqueu per <a href=\"https:\/\/photos.app.goo.gl\/zmz7vGX7Ybmhjp3C8\">veure les fotografies.<\/a><\/p>\n<p><a href=\"https:\/\/photos.app.goo.gl\/zmz7vGX7Ybmhjp3C8\"><img loading=\"lazy\" decoding=\"async\" class=\"\" src=\"https:\/\/mnactec.cat\/assets\/uploads\/gallery\/img_0678-600x396.JPG\" width=\"465\" height=\"307\" \/><\/a><\/p>\n<p>&nbsp;<\/p>\n","protected":false},"excerpt":{"rendered":"<p>Els nens i nenes de 4t hem anat al Museu Nacional de la Ci\u00e8ncia i la T\u00e8cnica de Catalunya a gaudir de\u00a0 l&#8217;exposici\u00f3 En\u00e9rgeia.\u00a0 Un recorregut per les diferents fonts d&#8217;energia com a motors de l&#8217;activitat humana i la industrialitzaci\u00f3. Aquesta exposici\u00f3 permet comprendre la&hellip;  <a href=\"https:\/\/agora.xtec.cat\/ceip-falba\/general\/anem-al-mnatec\/\" title=\"Read Anem al MNATEC\">Llegeix m\u00e9s\u00bb<\/a><\/p>\n","protected":false},"author":94,"featured_media":10635,"comment_status":"closed","ping_status":"closed","sticky":false,"template":"","format":"standard","meta":{"_bbp_topic_count":0,"_bbp_reply_count":0,"_bbp_total_topic_count":0,"_bbp_total_reply_count":0,"_bbp_voice_count":0,"_bbp_anonymous_reply_count":0,"_bbp_topic_count_hidden":0,"_bbp_reply_count_hidden":0,"_bbp_forum_subforum_count":0,"footnotes":""},"categories":[211,453,434,1,4,5],"tags":[],"class_list":["post-10631","post","type-post","status-publish","format-standard","has-post-thumbnail","hentry","category-4t","category-contextos-daprenentatge","category-curs-2022-2023","category-general","category-portada","category-primaria"],"post_mailing_queue_ids":[],"_links":{"self":[{"href":"https:\/\/agora.xtec.cat\/ceip-falba\/wp-json\/wp\/v2\/posts\/10631","targetHints":{"allow":["GET"]}}],"collection":[{"href":"https:\/\/agora.xtec.cat\/ceip-falba\/wp-json\/wp\/v2\/posts"}],"about":[{"href":"https:\/\/agora.xtec.cat\/ceip-falba\/wp-json\/wp\/v2\/types\/post"}],"author":[{"embeddable":true,"href":"https:\/\/agora.xtec.cat\/ceip-falba\/wp-json\/wp\/v2\/users\/94"}],"replies":[{"embeddable":true,"href":"https:\/\/agora.xtec.cat\/ceip-falba\/wp-json\/wp\/v2\/comments?post=10631"}],"version-history":[{"count":3,"href":"https:\/\/agora.xtec.cat\/ceip-falba\/wp-json\/wp\/v2\/posts\/10631\/revisions"}],"predecessor-version":[{"id":11874,"href":"https:\/\/agora.xtec.cat\/ceip-falba\/wp-json\/wp\/v2\/posts\/10631\/revisions\/11874"}],"wp:featuredmedia":[{"embeddable":true,"href":"https:\/\/agora.xtec.cat\/ceip-falba\/wp-json\/wp\/v2\/media\/10635"}],"wp:attachment":[{"href":"https:\/\/agora.xtec.cat\/ceip-falba\/wp-json\/wp\/v2\/media?parent=10631"}],"wp:term":[{"taxonomy":"category","embeddable":true,"href":"https:\/\/agora.xtec.cat\/ceip-falba\/wp-json\/wp\/v2\/categories?post=10631"},{"taxonomy":"post_tag","embeddable":true,"href":"https:\/\/agora.xtec.cat\/ceip-falba\/wp-json\/wp\/v2\/tags?post=10631"}],"curies":[{"name":"wp","href":"https:\/\/api.w.org\/{rel}","templated":true}]}}