{"id":10471,"date":"2022-09-28T10:19:00","date_gmt":"2022-09-28T08:19:00","guid":{"rendered":"https:\/\/agora.xtec.cat\/ceip-falba\/?p=10471"},"modified":"2022-09-28T10:20:19","modified_gmt":"2022-09-28T08:20:19","slug":"inscripcions-extraescolars-curs-2022-2023","status":"publish","type":"post","link":"https:\/\/agora.xtec.cat\/ceip-falba\/portada\/inscripcions-extraescolars-curs-2022-2023\/","title":{"rendered":"INSCRIPCIONS EXTRAESCOLARS CURS 2022 \/ 2023"},"content":{"rendered":"<p>Benvolgudes fam\u00edlies,<\/p>\n<p>A continuaci\u00f3 adjuntem la informaci\u00f3 sobre la\u00a0<strong>INSCRIPCI\u00d3 EXTRAESCOLARS d\u2019aquest curs 2022\/2023<\/strong>, que tamb\u00e9 rebreu en paper (amb tota la informaci\u00f3). <span style=\"font-family: inherit; font-size: 1em;\">La proposta d\u2019extraescolars per aquest curs \u00e9s:<\/span><\/p>\n<p><a href=\"https:\/\/agora.xtec.cat\/ceip-falba\/wp-content\/uploads\/usu658\/2022\/09\/proposta-extraescolars-2022_2023.png\"><img loading=\"lazy\" decoding=\"async\" class=\"wp-image-10472 aligncenter\" src=\"https:\/\/agora.xtec.cat\/ceip-falba\/wp-content\/uploads\/usu658\/2022\/09\/proposta-extraescolars-2022_2023-1024x400.png\" alt=\"\" width=\"563\" height=\"220\" srcset=\"https:\/\/agora.xtec.cat\/ceip-falba\/wp-content\/uploads\/usu658\/2022\/09\/proposta-extraescolars-2022_2023-1024x400.png 1024w, https:\/\/agora.xtec.cat\/ceip-falba\/wp-content\/uploads\/usu658\/2022\/09\/proposta-extraescolars-2022_2023-300x117.png 300w, https:\/\/agora.xtec.cat\/ceip-falba\/wp-content\/uploads\/usu658\/2022\/09\/proposta-extraescolars-2022_2023-768x300.png 768w, https:\/\/agora.xtec.cat\/ceip-falba\/wp-content\/uploads\/usu658\/2022\/09\/proposta-extraescolars-2022_2023.png 1032w\" sizes=\"auto, (max-width: 563px) 100vw, 563px\" \/><\/a><\/p>\n<p style=\"text-align: center;\">A m\u00e9s de <strong>Rob\u00f2tica i Programaci\u00f3:<\/strong><\/p>\n<table class=\" aligncenter\" style=\"width: 38.5724%; height: 144px;\">\n<tbody>\n<tr style=\"height: 57px;\">\n<td style=\"height: 57px; width: 100%;\" width=\"574\"><strong>Rob\u00f2tica (1r, 2n i 3r) <\/strong><strong>Dilluns de 17 a 18h<\/strong><\/td>\n<\/tr>\n<tr style=\"height: 26px;\">\n<td style=\"height: 26px; width: 100%;\" width=\"574\"><strong>Programaci\u00f3 i Rob\u00f2tica (4rt, 5\u00e8 i 6\u00e8) <\/strong><strong>Dimarts de 17 a 18h<\/strong><\/td>\n<\/tr>\n<\/tbody>\n<\/table>\n<p>&nbsp;<\/p>\n<p style=\"text-align: center;\"><strong><u>US RECOMANEN FER LA INSCRIPCI\u00d3 AMB PREVISI\u00d3 PER PODER ANAR TANCANT GRUPS.<\/u><\/strong><\/p>\n<p style=\"text-align: center;\">Podeu lliurar la inscripci\u00f3 a les b\u00fasties de l\u2019AFA (a les portes), a la safata del mostrador de l\u2019escola o enviar al correu electr\u00f2nic de l\u2019AFA .<\/p>\n<p style=\"text-align: center;\"><strong>RECORDEU que la data l\u00edmit per fer la inscripci\u00f3 \u00e9s el proper dimecres dia 5 d\u2019octubre de 2022.\u00a0<\/strong><\/p>\n<p style=\"text-align: center;\"><a href=\"https:\/\/agora.xtec.cat\/ceip-falba\/wp-content\/uploads\/usu658\/2022\/09\/contacte-AFA.png\"><img loading=\"lazy\" decoding=\"async\" class=\"alignnone wp-image-10473\" src=\"https:\/\/agora.xtec.cat\/ceip-falba\/wp-content\/uploads\/usu658\/2022\/09\/contacte-AFA.png\" alt=\"\" width=\"307\" height=\"209\" srcset=\"https:\/\/agora.xtec.cat\/ceip-falba\/wp-content\/uploads\/usu658\/2022\/09\/contacte-AFA.png 694w, https:\/\/agora.xtec.cat\/ceip-falba\/wp-content\/uploads\/usu658\/2022\/09\/contacte-AFA-300x204.png 300w\" sizes=\"auto, (max-width: 307px) 100vw, 307px\" \/><\/a><\/p>\n<p style=\"text-align: center;\"><strong>Esperem que us animeu i es puguin fer moltes extraescolars!<\/strong><\/p>\n","protected":false},"excerpt":{"rendered":"<p>INSCRIPCIONS EXTRAESCOLARS CURS 2022 \/ 2023<br \/>\nBenvolgudes fam\u00edlies,<\/p>\n<p>A continuaci\u00f3 adjuntem la informaci\u00f3 sobre la\u00a0INSCRIPCI\u00d3 EXTRAESCOLARS d\u2019aquest any 2022\/2023, que tamb\u00e9 rebreu en paper.\u00a0<br \/>\nUS RECOMANEN FER LA INSCRIPCI\u00d3 AMB PREVISI\u00d3 PER PODER ANAR TANCANT GRUPS.<\/p>\n<p>Podeu lliurar la inscripci\u00f3 a les b\u00fasties de l\u2019AFA (a les portes), a la safata del mostrador de l\u2019escola o enviar al correu electr\u00f2nic de l\u2019AFA .<\/p>\n<p>RECORDEU que la data l\u00edmit per fer la inscripci\u00f3 \u00e9s el proper dimecres dia 5 d\u2019octubre de 2021.\u00a0&hellip;  <a href=\"https:\/\/agora.xtec.cat\/ceip-falba\/portada\/inscripcions-extraescolars-curs-2022-2023\/\" title=\"Read INSCRIPCIONS EXTRAESCOLARS CURS 2022 \/ 2023\">Llegeix m\u00e9s\u00bb<\/a><\/p>\n","protected":false},"author":6,"featured_media":10472,"comment_status":"closed","ping_status":"closed","sticky":false,"template":"","format":"standard","meta":{"_bbp_topic_count":0,"_bbp_reply_count":0,"_bbp_total_topic_count":0,"_bbp_total_reply_count":0,"_bbp_voice_count":0,"_bbp_anonymous_reply_count":0,"_bbp_topic_count_hidden":0,"_bbp_reply_count_hidden":0,"_bbp_forum_subforum_count":0,"footnotes":""},"categories":[122,7,434,4],"tags":[144,242,435,93],"class_list":["post-10471","post","type-post","status-publish","format-standard","has-post-thumbnail","hentry","category-extraescolars","category-ampa","category-curs-2022-2023","category-portada","tag-activitats-extraescolars","tag-afa","tag-curs-2022-2023","tag-extraescolars"],"post_mailing_queue_ids":[],"_links":{"self":[{"href":"https:\/\/agora.xtec.cat\/ceip-falba\/wp-json\/wp\/v2\/posts\/10471","targetHints":{"allow":["GET"]}}],"collection":[{"href":"https:\/\/agora.xtec.cat\/ceip-falba\/wp-json\/wp\/v2\/posts"}],"about":[{"href":"https:\/\/agora.xtec.cat\/ceip-falba\/wp-json\/wp\/v2\/types\/post"}],"author":[{"embeddable":true,"href":"https:\/\/agora.xtec.cat\/ceip-falba\/wp-json\/wp\/v2\/users\/6"}],"replies":[{"embeddable":true,"href":"https:\/\/agora.xtec.cat\/ceip-falba\/wp-json\/wp\/v2\/comments?post=10471"}],"version-history":[{"count":3,"href":"https:\/\/agora.xtec.cat\/ceip-falba\/wp-json\/wp\/v2\/posts\/10471\/revisions"}],"predecessor-version":[{"id":10480,"href":"https:\/\/agora.xtec.cat\/ceip-falba\/wp-json\/wp\/v2\/posts\/10471\/revisions\/10480"}],"wp:featuredmedia":[{"embeddable":true,"href":"https:\/\/agora.xtec.cat\/ceip-falba\/wp-json\/wp\/v2\/media\/10472"}],"wp:attachment":[{"href":"https:\/\/agora.xtec.cat\/ceip-falba\/wp-json\/wp\/v2\/media?parent=10471"}],"wp:term":[{"taxonomy":"category","embeddable":true,"href":"https:\/\/agora.xtec.cat\/ceip-falba\/wp-json\/wp\/v2\/categories?post=10471"},{"taxonomy":"post_tag","embeddable":true,"href":"https:\/\/agora.xtec.cat\/ceip-falba\/wp-json\/wp\/v2\/tags?post=10471"}],"curies":[{"name":"wp","href":"https:\/\/api.w.org\/{rel}","templated":true}]}}